{"id":970,"date":"2026-04-14T12:07:53","date_gmt":"2026-04-14T12:07:53","guid":{"rendered":"https:\/\/uspesnykrok.cz\/?p=970"},"modified":"2026-04-14T12:13:10","modified_gmt":"2026-04-14T12:13:10","slug":"jak-ovladnout-psychologii-pohovoru","status":"publish","type":"post","link":"https:\/\/uspesnykrok.cz\/en\/prace\/jak-ovladnout-psychologii-pohovoru\/","title":{"rendered":"Jak ovl\u00e1dnout psychologii pohovoru"},"content":{"rendered":"<div class=\"wp-block-image\">\n<figure class=\"alignleft size-full\"><img alt=\"\" loading=\"lazy\" decoding=\"async\" width=\"384\" height=\"574\" src=\"https:\/\/uspesnykrok.cz\/wp-content\/uploads\/2026\/04\/image.png\" class=\"wp-image-971\" srcset=\"https:\/\/uspesnykrok.cz\/wp-content\/uploads\/2026\/04\/image.png 384w, https:\/\/uspesnykrok.cz\/wp-content\/uploads\/2026\/04\/image-201x300.png 201w, https:\/\/uspesnykrok.cz\/wp-content\/uploads\/2026\/04\/image-8x12.png 8w\" sizes=\"auto, (max-width: 384px) 100vw, 384px\" \/><\/figure>\n<\/div>\n\n\n<p class=\"has-black-color has-text-color has-link-color wp-elements-3f7b0488215eded8e0bf3ba49398726d\"><strong>Pro\u010d va\u0161e t\u011blo a temperament rozhoduj\u00ed d\u0159\u00edv ne\u017e \u017eivotopis?<\/strong><\/p>\n\n\n\n<p class=\"has-black-color has-text-color has-link-color wp-elements-8ca5c4d16d69dd5a054be676ce7cadae\"><strong>1. \u00davodn\u00ed \u201eh\u00e1\u010dek\u201c: V\u00edc ne\u017e jen tanec mezi \u0159\u00e1dky CV<\/strong><\/p>\n\n\n\n<p class=\"has-black-color has-text-color has-link-color wp-elements-92187b14261c25dd152a50b61da0119c\">Sed\u00edte na chodb\u011b, dlan\u011b se v\u00e1m pot\u00ed a v hlav\u011b b\u011b\u017e\u00ed nekone\u010dn\u00fd vnit\u0159n\u00ed monolog: \u201eNezapomn\u011bl jsem na nic? Budu p\u016fsobit dostate\u010dn\u011b kompetentn\u011b?\u201c Pro v\u011bt\u0161inu lid\u00ed je pracovn\u00ed pohovor vn\u00edm\u00e1n jako pov\u011bstn\u00e1 \u201ezkou\u0161ka ohn\u011bm\u201c. Jako personalista a extern\u00ed HR konzultant v\u00e1m v\u0161ak mohu potvrdit, \u017ee tento stres pramen\u00ed z myln\u00e9 p\u0159edstavy, \u017ee \u00fasp\u011bch z\u00e1vis\u00ed pouze na datech ve va\u0161em \u017eivotopise.<\/p>\n\n\n\n<p class=\"has-black-color has-text-color has-link-color wp-elements-b467befd51e46c57cbbd0e650d2ff636\">Pravdou je, \u017ee pohovor je hluboce lidsk\u00e1, psychologick\u00e1 interakce. Je to tanec dvou temperament\u016f a souboj neverb\u00e1ln\u00edch sign\u00e1l\u016f. \u00dasp\u011bch nen\u00ed o nau\u010den\u00fdch fr\u00e1z\u00edch, ale o schopnosti porozum\u011bt mechanism\u016fm vlastn\u00ed psychiky a technice deeskalace nap\u011bt\u00ed. V n\u00e1sleduj\u00edc\u00edch \u0159\u00e1dc\u00edch v\u00e1m odhal\u00edm strategie, kter\u00e9 v\u00e1s nau\u010d\u00ed \u010d\u00edst \u201emapu pohovoru\u201c a vyu\u017e\u00edt s\u00edlu vlastn\u00edho nastaven\u00ed ve v\u00e1\u0161 prosp\u011bch.<\/p>\n\n\n\n<p class=\"has-black-color has-text-color has-link-color wp-elements-932c8e36714050f1ac87c5ed3ebb7a09\"><strong>2. S\u00edla t\u011bla: Pro\u010d slova tvo\u0159\u00ed jen zlomek \u00fasp\u011bchu<\/strong><\/p>\n\n\n\n<p class=\"has-black-color has-text-color has-link-color wp-elements-78bfaea6bcafc502965ad958c716a679\">Personalist\u00e9 si o v\u00e1s tvo\u0159\u00ed dojem b\u011bhem prvn\u00edch sekund, \u010dasto je\u0161t\u011b d\u0159\u00edve, ne\u017e sta\u010d\u00edte pozdravit. N\u00e1\u0161 mozek je evolu\u010dn\u011b nastaven tak, aby hledal soulad (kongruenci) mezi t\u00edm, co sly\u0161\u00ed, a t\u00edm, co vid\u00ed. Pokud va\u0161e \u00fasta mluv\u00ed o sebed\u016fv\u011b\u0159e, ale t\u011blo vys\u00edl\u00e1 sign\u00e1ly \u00fazkosti, personalista podv\u011bdom\u011b uv\u011b\u0159\u00ed va\u0161emu t\u011blu.<\/p>\n\n\n\n<p class=\"has-black-color has-cyan-bluish-gray-background-color has-text-color has-background has-link-color wp-elements-a1a755d739c39e72ec678151f904ed07\">\u201e\u0158e\u010d t\u011bla tvo\u0159\u00ed a\u017e 55 % celkov\u00e9ho dojmu v komunikaci.\u201c<\/p>\n\n\n\n<p class=\"has-black-color has-text-color has-link-color wp-elements-616dd550ef300e50719afc61a1c74aa1\">Pasivita \u2013 projevuj\u00edc\u00ed se tich\u00fdm hlasem, zk\u0159\u00ed\u017een\u00fdma rukama, shrben\u00fdmi z\u00e1dy nebo vyh\u00fdb\u00e1n\u00edm se o\u010dn\u00edmu kontaktu \u2013 m\u016f\u017ee zni\u010dit \u0161ance i u toho nejkvalifikovan\u011bj\u0161\u00edho kandid\u00e1ta. Naopak aktivn\u00ed z\u00e1jem prok\u00e1\u017eete pevn\u00fdm (ale nikoliv drtiv\u00fdm) stiskem ruky, p\u0159irozen\u00fdm \u00fasm\u011bvem a vzp\u0159\u00edmen\u00fdm postojem. Pamatujte, \u017ee neverb\u00e1ln\u00ed komunikace je vn\u011bj\u0161\u00edm projevem va\u0161eho vnit\u0159n\u00edho stavu; pokud ovl\u00e1dnete sv\u00e9 t\u011blo, vy\u0161lete mozku sign\u00e1l, \u017ee situaci m\u00e1te pod kontrolou.<\/p>\n\n\n\n<p class=\"has-black-color has-text-color has-link-color wp-elements-4e74f75bd502fa5e6cc9654a958fa4ec\"><strong>3. Paradox slab\u00fdch str\u00e1nek: Jak up\u0159\u00edmnost v\u00edt\u011bz\u00ed nad dokonalost\u00ed<\/strong><\/p>\n\n\n\n<p class=\"has-black-color has-text-color has-link-color wp-elements-19f4bce839ec0ed9653754f46385140b\">Mnoho uchaze\u010d\u016f se ot\u00e1zky na sv\u00e9 slab\u00e9 str\u00e1nky d\u011bs\u00ed jako pasti. Z pohledu psychologie je to v\u0161ak brilantn\u00ed test sebereflexe. Personalista nehled\u00e1 dokonal\u00e9ho nad\u010dlov\u011bka \u2013 takov\u00fd neexistuje. Hled\u00e1 n\u011bkoho, kdo zn\u00e1 sv\u00e9 hranice a aktivn\u011b na nich pracuje.<\/p>\n\n\n\n<p class=\"has-black-color has-text-color has-link-color wp-elements-c73c4306559cb7cec1dea7f7b1359d18\">Nespokojte se s jednou odpov\u011bd\u00ed. Jako profesion\u00e1l byste m\u011bli m\u00edt v ruk\u00e1vu \u201ebal\u00ed\u010dek es\u201c \u2013 p\u0159ipravte si alespo\u0148 t\u0159i p\u0159\u00edklady slab\u00fdch str\u00e1nek. Vyu\u017eijte tyto t\u0159i osv\u011bd\u010den\u00e9 strategie:<\/p>\n\n\n\n<ul class=\"wp-block-list\">\n<li class=\"has-black-color has-text-color has-link-color wp-elements-21824b6ec291ca796351afd41c09f9eb\"><strong>V\u00fdb\u011br nerelevantn\u00edch vlastnost\u00ed:<\/strong>\u00a0Jak \u0159ekl Albert Einstein: \u201ePokud budeme soudit rybu podle jej\u00ed schopnosti \u0161plhat na strom, bude cel\u00fd \u017eivot v\u011b\u0159it, \u017ee je hloup\u00e1.\u201c P\u0159iznejte slabinu v oblasti, kter\u00e1 nen\u00ed pro pozici kl\u00ed\u010dov\u00e1 (nap\u0159. \u00fa\u010detn\u00ed p\u0159izn\u00e1vaj\u00edc\u00ed nervozitu z ve\u0159ejn\u00e9ho mluven\u00ed).<\/li>\n\n\n\n<li class=\"has-black-color has-text-color has-link-color wp-elements-638f9e3b39fe24ba4f970c1b82ea4f0e\"><strong>V\u011bci k rychl\u00e9mu dou\u010den\u00ed:<\/strong>\u00a0Uve\u010fte znalosti, kter\u00e9 jsou do\u010dasn\u00e9 (nap\u0159. neznalost specifick\u00e9ho firemn\u00edho softwaru nebo odv\u011btv\u00ed).<\/li>\n\n\n\n<li class=\"has-black-color has-text-color has-link-color wp-elements-391daee2581073de4d04111a1fba0850\"><strong>Storytelling: neboli &#8222;Od probl\u00e9mu k \u0159e\u0161en\u00ed&#8220;:<\/strong>\u00a0Popi\u0161te slabinu z minulosti (nap\u0159. probl\u00e9my s delegov\u00e1n\u00edm) a uka\u017ete konkr\u00e9tn\u00ed kroky, kter\u00fdmi jste ji p\u0159ekonali.<\/li>\n<\/ul>\n\n\n\n<p class=\"has-black-color has-text-color has-link-color wp-elements-8c92a4f4a70c32ff8f3ff581acda9798\">Firmy miluj\u00ed kandid\u00e1ty, kte\u0159\u00ed demonstruj\u00ed schopnost u\u010dit se a vyv\u00edjet. Up\u0159\u00edmnost v tomto bod\u011b buduje d\u016fv\u011bru, kterou kli\u0161\u00e9 o \u201ep\u0159\u00edli\u0161n\u00e9m perfekcionismu\u201c jen ni\u010d\u00ed.<\/p>\n\n\n\n<p class=\"has-black-color has-text-color has-link-color wp-elements-8b805616ecee0ec5366d724c6225fd28\"><strong>4. Temperament jako mapa, nikoliv v\u011bzen\u00ed<\/strong><\/p>\n\n\n\n<p class=\"has-black-color has-text-color has-link-color wp-elements-40be5c602e0b6a7cdc8775a3f957f745\">Ka\u017ed\u00fd z n\u00e1s p\u0159ich\u00e1z\u00ed na sv\u011bt s ur\u010dit\u00fdm temperamentem. Jsou to vrozen\u00e9 vlastnosti, kter\u00e9 ur\u010duj\u00ed dynamiku na\u0161eho pro\u017e\u00edv\u00e1n\u00ed. C\u00edlem nen\u00ed svou p\u0159irozenost zlomit, ale p\u0159ijmout ji a strategicky vyu\u017e\u00edt. Podle klasick\u00e9 typologie m\u016f\u017eeme identifikovat \u010dty\u0159i z\u00e1kladn\u00ed sm\u011bry:<\/p>\n\n\n\n<ul class=\"wp-block-list\">\n<li class=\"has-black-color has-text-color has-link-color wp-elements-6a6ad3cd738d81bf2d73bb96d05c438b\"><strong>Cholerik:<\/strong>\u00a0Dynamick\u00fd v\u016fdce s vysokou energi\u00ed. Jeho rozhodnost a orientace na c\u00edl jsou neoceniteln\u00e9 v krizov\u00e9m managementu.<\/li>\n\n\n\n<li class=\"has-black-color has-text-color has-link-color wp-elements-12685c6ecba5976c9ede81dd2821117c\"><strong>Sangvinik:<\/strong>\u00a0Optimista, kter\u00fd svou energi\u00ed dok\u00e1\u017ee nakazit t\u00fdm. Je ide\u00e1ln\u00ed pro marketing, obchod a kreativn\u00ed profese.<\/li>\n\n\n\n<li class=\"has-black-color has-text-color has-link-color wp-elements-015c7ea14721cd28cda8c7336c7a63df\"><strong>Flegmatik:<\/strong>\u00a0Klidn\u00fd diplomat, kter\u00fd je mistrem v udr\u017eov\u00e1n\u00ed harmonie. D\u00edky sv\u00e9 vrozen\u00e9 odolnosti v\u016f\u010di stresu je nap\u0159\u00edklad ide\u00e1ln\u00edm kucha\u0159em do n\u00e1ro\u010dn\u00e9ho provozu, kde se dok\u00e1\u017ee ovl\u00e1dnout i pod extr\u00e9mn\u00edm tlakem.<\/li>\n\n\n\n<li class=\"has-black-color has-text-color has-link-color wp-elements-e59e33139d81681f44df410500d5e34d\"><strong>Melancholik:<\/strong>\u00a0Hloubav\u00fd perfekcionista se smyslem pro detail a hlubokou anal\u00fdzu. Vynik\u00e1 tam, kde je pot\u0159eba preciznost a empatie.<\/li>\n<\/ul>\n\n\n\n<p class=\"has-black-color has-text-color has-link-color wp-elements-720ec98344db5990489def819355bca4\">Znalost vlastn\u00edho typu v\u00e1m umo\u017en\u00ed v\u011bdom\u011b pracovat se sv\u00fdmi reakcemi a vybrat si kari\u00e9ru, kter\u00e1 nebude v neust\u00e1l\u00e9m rozporu s va\u0161\u00edm vnit\u0159n\u00edm nastaven\u00edm.<\/p>\n\n\n\n<p class=\"has-black-color has-text-color has-link-color wp-elements-70b8a3a79499e3311c8feaf021150514\"><strong>5. Asertivn\u00ed \u201ekouzeln\u00e1 v\u011bta\u201c a technika gramofonov\u00e9 desky<\/strong><\/p>\n\n\n\n<p class=\"has-black-color has-text-color has-link-color wp-elements-64e0e270f1b89c1dbe71039fde8bfbc8\">Asertivita je v podstat\u011b um\u011bn\u00ed deeskalace. Jej\u00edm c\u00edlem je, aby z jedn\u00e1n\u00ed ode\u0161ly ob\u011b strany jako rovnocenn\u00ed partne\u0159i. Na pohovoru ji m\u016f\u017eete vyu\u017e\u00edt zejm\u00e9na v situac\u00edch, kdy v\u00e1s personalista tla\u010d\u00ed k odpov\u011bdi, kterou nechcete nebo nem\u016f\u017eete hned d\u00e1t (nap\u0159. dotazy na platov\u00e1 o\u010dek\u00e1v\u00e1n\u00ed nebo detaily o meze\u0159e v CV).<\/p>\n\n\n\n<ul class=\"wp-block-list\">\n<li class=\"has-black-color has-text-color has-link-color wp-elements-03edca0060b44a3f400c9184f9fed421\"><strong>Technika poka\u017een\u00e9 gramofonov\u00e9 desky:<\/strong>\u00a0Klidn\u011b, bez emoc\u00ed a argument\u016f opakujte sv\u016fj postoj. \u201eRozum\u00edm, k ot\u00e1zce platu se r\u00e1d vyj\u00e1d\u0159\u00edm, jakmile l\u00e9pe pochop\u00edm n\u00e1pl\u0148 pr\u00e1ce a sv\u00e9 kompetence.\u201c<\/li>\n\n\n\n<li class=\"has-black-color has-text-color has-link-color wp-elements-65addf340b6a66edfc9e3d6912606fda\"><strong>Technika otev\u0159en\u00fdch dve\u0159\u00ed:<\/strong>\u00a0P\u0159iznejte kritikovi \u010d\u00e1st pravdy, \u010d\u00edm\u017e ho odzbroj\u00edte.<\/li>\n<\/ul>\n\n\n\n<p class=\"has-black-color has-text-color has-link-color wp-elements-f2f809fc1a7da6cbd4bcfc2f5ca9086f\">Pro okam\u017eit\u00e9 uklidn\u011bn\u00ed napjat\u00e9 atmosf\u00e9ry existuje psychologicky mimo\u0159\u00e1dn\u011b siln\u00fd n\u00e1stroj, kter\u00fd vyu\u017e\u00edv\u00e1 principu emo\u010dn\u00ed validace:<\/p>\n\n\n\n<p class=\"has-black-color has-cyan-bluish-gray-background-color has-text-color has-background has-link-color wp-elements-5244a59cca9fd2cff79e948b8001e82e\"><strong>\u201eNaprosto V\u00e1s ch\u00e1pu, st\u00e1t se to mn\u011b, reagovala bych stejn\u011b.\u201c<\/strong><\/p>\n\n\n\n<p class=\"has-black-color has-text-color has-link-color wp-elements-971471c8d0895120659cf7a15f71fa84\">Tato v\u011bta validuje pocity protistrany a zastavuje pot\u0159ebu agrese. Druh\u00e1 strana najednou ztr\u00e1c\u00ed \u201enep\u0159\u00edtele\u201c a komunikace se vrac\u00ed do racion\u00e1ln\u00ed a klidn\u00e9 roviny.<\/p>\n\n\n\n<p class=\"has-black-color has-text-color has-link-color wp-elements-e4bf050eb54cbbd60ae4d9f3128f8022\"><strong>6. Tajemstv\u00ed motiva\u010dn\u00edho dopisu: P\u0159esta\u0148te ps\u00e1t o sob\u011b<\/strong><\/p>\n\n\n\n<p class=\"has-black-color has-text-color has-link-color wp-elements-b118f3453349cbfc38fef6df32dd5eb3\">V\u011bt\u0161ina uchaze\u010d\u016f d\u011bl\u00e1 tu chybu, \u017ee motiva\u010dn\u00ed dopis vyu\u017e\u00edv\u00e1 jako prostor pro vlastn\u00ed ego. Personalistu v\u0161ak nezaj\u00edm\u00e1, jak moc jste skv\u011bl\u00ed vy, ale jak moc m\u016f\u017eete b\u00fdt prosp\u011b\u0161n\u00ed jim. P\u0159esta\u0148te se soust\u0159edit na sv\u00e9 \u201ej\u00e1\u201c a zam\u011b\u0159te se na firmu.<\/p>\n\n\n\n<p class=\"has-black-color has-text-color has-link-color wp-elements-80d139f0a6c113a834df8a13f631e55f\">Proka\u017ete, \u017ee jste ud\u011blali svou dom\u00e1c\u00ed \u00falohu. M\u00edsto pr\u00e1zdn\u00fdch fr\u00e1z\u00ed zmi\u0148te, \u017ee se v\u00e1m l\u00edbila jejich posledn\u00ed&nbsp;<strong>televizn\u00ed reklama<\/strong>, nebo \u017ee jste si \u010detli recenze od zam\u011bstnanc\u016f na port\u00e1lu&nbsp;<strong>Atmoskop.cz<\/strong>. Uka\u017ete, \u017ee zn\u00e1te jejich historii a vizi. Pokud prok\u00e1\u017eete znalost firmy a jej\u00edch pot\u0159eb, st\u00e1v\u00e1te se pro n\u011b partnerem v \u0159e\u0161en\u00ed probl\u00e9m\u016f, nikoliv jen dal\u0161\u00edm \u017eadatelem o pr\u00e1ci.<\/p>\n\n\n\n<p class=\"has-black-color has-text-color has-link-color wp-elements-f139566dfff8d18f333171c854e4bed2\"><strong>7. P\u0159\u00edprava jako l\u00e9k na aroganci a pasivitu<\/strong><\/p>\n\n\n\n<p class=\"has-black-color has-text-color has-link-color wp-elements-a57090da39931c9485dbd70d7f60c629\">Arogance (nap\u0159. pomlouv\u00e1n\u00ed b\u00fdval\u00e9ho zam\u011bstnavatele) a pasivita jsou nej\u010dast\u011bj\u0161\u00edmi zabij\u00e1ky \u00fasp\u011bchu. Pasivitu nejl\u00e9pe vyl\u00e9\u010d\u00edte t\u00edm, \u017ee sv\u00e9 zku\u0161enosti podlo\u017e\u00edte konkr\u00e9tn\u00edmi fakty. M\u00edsto obecn\u00e9ho \u201ejsem v\u00fdkonn\u00fd\u201c uve\u010fte&nbsp;<strong>kvantifikovateln\u00e9 v\u00fdsledky<\/strong>:<\/p>\n\n\n\n<ul class=\"wp-block-list\">\n<li class=\"has-black-color has-text-color has-link-color wp-elements-c6ab9b9723432d2d4030fb05f1e8d855\"><em>\u201eV p\u0159edchoz\u00edm zam\u011bstn\u00e1n\u00ed jsem zv\u00fd\u0161il tr\u017eby o 20 % b\u011bhem 6 m\u011bs\u00edc\u016f.\u201c<\/em><\/li>\n\n\n\n<li class=\"has-black-color has-text-color has-link-color wp-elements-ee6cbe6f6bacd70670136946c188b41e\"><em>\u201eNavrhl jsem syst\u00e9m, kter\u00fd spole\u010dnosti u\u0161et\u0159il 500 000 K\u010d ro\u010dn\u011b.\u201c<\/em><\/li>\n<\/ul>\n\n\n\n<p class=\"has-black-color has-text-color has-link-color wp-elements-9cced9e1197689eb0681839a07ecd9d0\">Aktivn\u00ed z\u00e1jem prok\u00e1\u017eete tak\u00e9 na konci pohovoru. P\u0159ipravte si ot\u00e1zky, kter\u00e9 sm\u011b\u0159uj\u00ed k budoucnosti:<\/p>\n\n\n\n<ul class=\"wp-block-list\">\n<li class=\"has-black-color has-text-color has-link-color wp-elements-11ed94a529beca768dac0650a7729db7\">Jak\u00e9 jsou u v\u00e1s mo\u017enosti profesn\u00edho r\u016fstu a dal\u0161\u00edho vzd\u011bl\u00e1v\u00e1n\u00ed?<\/li>\n\n\n\n<li class=\"has-black-color has-text-color has-link-color wp-elements-16da64403754dbc01a6ccebdaab8ad89\">Jak vypad\u00e1 b\u011b\u017en\u00fd pracovn\u00ed den na t\u00e9to pozici?<\/li>\n\n\n\n<li class=\"has-black-color has-text-color has-link-color wp-elements-105c4afa6964a968fc9171721dabd847\">S jak\u00fdmi nejv\u011bt\u0161\u00edmi v\u00fdzvami se v\u00e1\u0161 t\u00fdm moment\u00e1ln\u011b pot\u00fdk\u00e1?<\/li>\n<\/ul>\n\n\n\n<p class=\"has-black-color has-text-color has-link-color wp-elements-9c1cb966eb2f400366aa1fa4a3ba77f3\"><strong>8. Z\u00e1v\u011br: Va\u0161e nejlep\u0161\u00ed verze<\/strong><\/p>\n\n\n\n<p class=\"has-black-color has-text-color has-link-color wp-elements-0fa62bd1db7f5bc2161bb4290b1b0cc2\">Pamatujte, \u017ee pohovor je oboustrann\u00fd proces zji\u0161\u0165ov\u00e1n\u00ed kompatibility. Nen\u00ed to v\u00fdslech, ale dialog. Va\u0161\u00edm c\u00edlem nen\u00ed vytvo\u0159it si masku dokonalosti, kter\u00e1 p\u0159i prvn\u00edm n\u00e1razu praskne, ale prezentovat se jako \u201eva\u0161e nejlep\u0161\u00ed verze\u201c. \u010clov\u011bk, kter\u00fd zn\u00e1 svou cenu, rozum\u00ed sv\u00e9mu temperamentu a dok\u00e1\u017ee komunikovat s respektem k sob\u011b i k ostatn\u00edm.<\/p>\n\n\n\n<p class=\"has-black-color has-text-color has-link-color wp-elements-a555317b8c2421f1908434944d578684\">A\u017e z\u00edtra vstoup\u00edte do m\u00edstnosti, zamyslete se:&nbsp;<strong>Bude va\u0161e t\u011blo \u0159\u00edkat tot\u00e9\u017e co va\u0161e \u00fasta?<\/strong><\/p>","protected":false},"excerpt":{"rendered":"<p>Pro\u010d va\u0161e t\u011blo a temperament rozhoduj\u00ed d\u0159\u00edv ne\u017e \u017eivotopis? 1. \u00davodn\u00ed \u201eh\u00e1\u010dek\u201c: V\u00edc ne\u017e jen tanec mezi \u0159\u00e1dky CV Sed\u00edte na chodb\u011b, dlan\u011b se v\u00e1m pot\u00ed a v hlav\u011b b\u011b\u017e\u00ed nekone\u010dn\u00fd vnit\u0159n\u00ed monolog: \u201eNezapomn\u011bl jsem na nic? Budu p\u016fsobit dostate\u010dn\u011b kompetentn\u011b?\u201c Pro v\u011bt\u0161inu lid\u00ed je pracovn\u00ed pohovor vn\u00edm\u00e1n jako pov\u011bstn\u00e1 \u201ezkou\u0161ka ohn\u011bm\u201c. Jako personalista a [&hellip;]<\/p>\n","protected":false},"author":2,"featured_media":0,"comment_status":"closed","ping_status":"open","sticky":false,"template":"","format":"standard","meta":{"_seopress_robots_primary_cat":"","_seopress_titles_title":"","_seopress_titles_desc":"","_seopress_robots_index":"","footnotes":""},"categories":[1],"tags":[17],"class_list":["post-970","post","type-post","status-publish","format-standard","hentry","category-prace","tag-psychologie-pohovoru"],"_links":{"self":[{"href":"https:\/\/uspesnykrok.cz\/en\/wp-json\/wp\/v2\/posts\/970","targetHints":{"allow":["GET"]}}],"collection":[{"href":"https:\/\/uspesnykrok.cz\/en\/wp-json\/wp\/v2\/posts"}],"about":[{"href":"https:\/\/uspesnykrok.cz\/en\/wp-json\/wp\/v2\/types\/post"}],"author":[{"embeddable":true,"href":"https:\/\/uspesnykrok.cz\/en\/wp-json\/wp\/v2\/users\/2"}],"replies":[{"embeddable":true,"href":"https:\/\/uspesnykrok.cz\/en\/wp-json\/wp\/v2\/comments?post=970"}],"version-history":[{"count":4,"href":"https:\/\/uspesnykrok.cz\/en\/wp-json\/wp\/v2\/posts\/970\/revisions"}],"predecessor-version":[{"id":976,"href":"https:\/\/uspesnykrok.cz\/en\/wp-json\/wp\/v2\/posts\/970\/revisions\/976"}],"wp:attachment":[{"href":"https:\/\/uspesnykrok.cz\/en\/wp-json\/wp\/v2\/media?parent=970"}],"wp:term":[{"taxonomy":"category","embeddable":true,"href":"https:\/\/uspesnykrok.cz\/en\/wp-json\/wp\/v2\/categories?post=970"},{"taxonomy":"post_tag","embeddable":true,"href":"https:\/\/uspesnykrok.cz\/en\/wp-json\/wp\/v2\/tags?post=970"}],"curies":[{"name":"wp","href":"https:\/\/api.w.org\/{rel}","templated":true}]}}