{"id":955,"date":"2026-04-10T07:28:14","date_gmt":"2026-04-10T07:28:14","guid":{"rendered":"https:\/\/uspesnykrok.cz\/?p=955"},"modified":"2026-04-10T11:15:07","modified_gmt":"2026-04-10T11:15:07","slug":"nova-era-rekvalifikaci-2026","status":"publish","type":"post","link":"https:\/\/uspesnykrok.cz\/en\/prace\/nova-era-rekvalifikaci-2026\/","title":{"rendered":"Nov\u00e1 \u00e9ra rekvalifikac\u00ed 2026"},"content":{"rendered":"<p class=\"has-black-color has-text-color has-link-color wp-elements-464bb0e02390a91384b4daccbf6f3617\"><strong>1. \u00davod: Pro\u010d se pr\u00e1v\u011b te\u010f vyplat\u00ed p\u0159em\u00fd\u0161let o zm\u011bn\u011b?<\/strong><\/p>\n\n\n\n<p class=\"has-black-color has-text-color has-link-color wp-elements-f345aaa0e583ce58013f3562a8aa9837\">Sv\u011bt pr\u00e1ce proch\u00e1z\u00ed nejrychlej\u0161\u00ed prom\u011bnou v modern\u00ed historii. S n\u00e1stupem \u201ePr\u016fmyslu 4.0\u201c a v\u0161udyp\u0159\u00edtomn\u00e9 digitalizace u\u017e nejde jen o to, co jste se nau\u010dili ve \u0161kole, ale o schopnost adaptovat se. Polo\u017ete si up\u0159\u00edmnou ot\u00e1zku: Je va\u0161e sou\u010dasn\u00e1 kvalifikace dostate\u010dn\u00e1 pro trh pr\u00e1ce roku 2030? Pokud v\u00e1h\u00e1te, rok 2026 pro v\u00e1s otev\u00edr\u00e1 mimo\u0159\u00e1dn\u00e9 p\u0159\u00edle\u017eitosti. St\u00e1t letos spou\u0161t\u00ed revoluci v podpo\u0159e celo\u017eivotn\u00edho vzd\u011bl\u00e1v\u00e1n\u00ed, kter\u00e1 odbour\u00e1v\u00e1 administrativn\u00ed i finan\u010dn\u00ed bari\u00e9ry. Zm\u011bna kari\u00e9ry u\u017e nen\u00ed riskantn\u00edm skokem do nezn\u00e1ma, ale strategick\u00fdm tahem, kter\u00fd v\u00e1m st\u00e1t v\u00fdrazn\u011b usnadn\u00ed.<\/p>\n\n\n\n<figure class=\"wp-block-gallery has-nested-images columns-default is-cropped wp-block-gallery-1 is-layout-flex wp-block-gallery-is-layout-flex\"><\/figure>\n\n\n<div class=\"wp-block-image\">\n<figure class=\"aligncenter size-large\"><img alt=\"\" loading=\"lazy\" decoding=\"async\" width=\"894\" height=\"593\" src=\"https:\/\/uspesnykrok.cz\/wp-content\/uploads\/2026\/04\/Snimek-obrazovky-2026-04-10-092606.png\" class=\"wp-image-956\" srcset=\"https:\/\/uspesnykrok.cz\/wp-content\/uploads\/2026\/04\/Snimek-obrazovky-2026-04-10-092606.png 894w, https:\/\/uspesnykrok.cz\/wp-content\/uploads\/2026\/04\/Snimek-obrazovky-2026-04-10-092606-300x199.png 300w, https:\/\/uspesnykrok.cz\/wp-content\/uploads\/2026\/04\/Snimek-obrazovky-2026-04-10-092606-768x509.png 768w, https:\/\/uspesnykrok.cz\/wp-content\/uploads\/2026\/04\/Snimek-obrazovky-2026-04-10-092606-18x12.png 18w\" sizes=\"auto, (max-width: 894px) 100vw, 894px\" \/><\/figure>\n<\/div>\n\n\n<p class=\"has-black-color has-text-color has-link-color wp-elements-ada61807742fc3e96e290de3a7cc54f6\"><strong>2. Finan\u010dn\u00ed skok: A\u017e 38 537 K\u010d m\u011bs\u00ed\u010dn\u011b za to, \u017ee se u\u010d\u00edte<\/strong><\/p>\n\n\n\n<p class=\"has-black-color has-text-color has-link-color wp-elements-1c4828f29c9ff738f47c06b6564f1f30\">Rok 2026 p\u0159in\u00e1\u0161\u00ed z\u00e1sadn\u00ed nav\u00fd\u0161en\u00ed finan\u010dn\u00ed podpory, jej\u00edm\u017e c\u00edlem je motivovat ob\u010dany k aktivit\u011b. Pokud se rozhodnete pro rekvalifikaci a jste v evidenci \u00da\u0159adu pr\u00e1ce jako&nbsp;<strong>uchaze\u010d o zam\u011bstn\u00e1n\u00ed<\/strong>&nbsp;(osoba bez pr\u00e1ce), st\u00e1t v\u00e1m nov\u011b garantuje&nbsp;<strong>80 % va\u0161eho p\u0159edchoz\u00edho pr\u016fm\u011brn\u00e9ho \u010dist\u00e9ho m\u011bs\u00ed\u010dn\u00edho v\u00fdd\u011blku<\/strong>.<\/p>\n\n\n\n<p class=\"has-black-color has-text-color has-link-color wp-elements-0be1e485b8d955c76072c97b41e614c3\">Zde jsou kl\u00ed\u010dov\u00e9 parametry pro rok 2026:<\/p>\n\n\n\n<ul class=\"wp-block-list\">\n<li class=\"has-black-color has-text-color has-link-color wp-elements-55a37b5b693de8cf2337066cadea59e6\"><strong>Maxim\u00e1ln\u00ed strop 38 537 K\u010d:<\/strong>&nbsp;Tato \u010d\u00e1stka je ur\u010dena pro nov\u00e9 \u00fa\u010dastn\u00edky rekvalifikac\u00ed zah\u00e1jen\u00fdch v roce 2026. (Pro srovn\u00e1n\u00ed, ti, kte\u0159\u00ed pokra\u010duj\u00ed v kurzu z roku 2025, maj\u00ed limit 29 320 K\u010d).<\/li>\n\n\n\n<li class=\"has-black-color has-text-color has-link-color wp-elements-81c03f73f1385ad22676043d7b9161d5\"><strong>Bez sankc\u00ed za v\u00fdpov\u011b\u010f:<\/strong>&nbsp;Velkou novinkou je sjednocen\u00ed pravidel. Zat\u00edmco d\u0159\u00edve byl \u010dlov\u011bk \u201epotrest\u00e1n\u201c ni\u017e\u0161\u00ed podporou, pokud dal v pr\u00e1ci v\u00fdpov\u011b\u010f s\u00e1m, v roce 2026 z\u00edsk\u00e1te pln\u00fdch 80 % bez ohledu na to, jak v\u00e1\u0161 p\u0159edchoz\u00ed pracovn\u00ed pom\u011br skon\u010dil.<\/li>\n\n\n\n<li class=\"has-black-color has-text-color has-link-color wp-elements-a6462b919739a89bce27917060ac3695\"><strong>Podpora i pro ty bez p\u0159\u00edjm\u016f:<\/strong>&nbsp;Pokud nem\u016f\u017eete dolo\u017eit p\u0159edchoz\u00ed v\u00fdd\u011blek (nap\u0159. po rodi\u010dovsk\u00e9 dovolen\u00e9 \u010di \u0161kole), podpora \u010din\u00ed pevn\u00fdch&nbsp;<strong>19 269 K\u010d m\u011bs\u00ed\u010dn\u011b<\/strong>&nbsp;(40 % pr\u016fm\u011brn\u00e9 mzdy).<\/li>\n<\/ul>\n\n\n\n<p class=\"has-black-color has-text-color has-link-color wp-elements-9180cd670bbf1967f08444cae567fff5\"><strong>D\u016fle\u017eit\u00e9 upozorn\u011bn\u00ed:<\/strong>&nbsp;Rozli\u0161ujte mezi dv\u011bma statusy. V\u00fd\u0161e uveden\u00e1 m\u011bs\u00ed\u010dn\u00ed podpora (a\u017e 38 537 K\u010d) n\u00e1le\u017e\u00ed pouze&nbsp;<strong>uchaze\u010d\u016fm o zam\u011bstn\u00e1n\u00ed<\/strong>&nbsp;(nezam\u011bstnan\u00fdm). Pokud jste v evidenci jako&nbsp;<strong>z\u00e1jemce o zam\u011bstn\u00e1n\u00ed<\/strong>&nbsp;(pracujete, ale chcete zm\u011bnu), st\u00e1t za v\u00e1s uhrad\u00ed cenu kurzu, ale m\u011bs\u00ed\u010dn\u00ed p\u0159\u00edsp\u011bvek na \u017eivobyt\u00ed ji\u017e nepob\u00edr\u00e1te.<\/p>\n\n\n\n<p class=\"has-black-color has-text-color has-link-color wp-elements-01009902ce897368e1febc853aa39379\"><strong>3. Stabilita nad zlato: Na rozd\u00edl od \u201epodpory\u201c v\u00e1m pen\u00edze neklesnou<\/strong><\/p>\n\n\n\n<p class=\"has-black-color has-text-color has-link-color wp-elements-44040050072f74a75b2cb85c85bb01d2\">Z\u00e1sadn\u00edm benefitem rekvalifikace oproti b\u011b\u017en\u00e9 nezam\u011bstnanosti je finan\u010dn\u00ed p\u0159edv\u00eddatelnost. Od ledna 2026 plat\u00ed u standardn\u00ed podpory v nezam\u011bstnanosti klesaj\u00edc\u00ed sch\u00e9ma (80 % prvn\u00ed dva m\u011bs\u00edce, pak 50 % a nakonec 40 %). U rekvalifikace je to jinak.<\/p>\n\n\n\n<p class=\"has-black-color has-text-color has-link-color wp-elements-cd63e9fc042ae80fd31d5d3de447c8af\">\u201eV\u00fd\u0161e podpory p\u0159i rekvalifikaci z\u016fst\u00e1v\u00e1 konstantn\u00ed a nem\u011bnn\u00e1 po celou dobu trv\u00e1n\u00ed kurzu. Od prvn\u00edho dne a\u017e do z\u00e1v\u011bre\u010dn\u00e9 zkou\u0161ky dost\u00e1v\u00e1te stejnou \u010d\u00e1stku, co\u017e v\u00e1m d\u00e1v\u00e1 jistotu pro rodinn\u00fd rozpo\u010det a klid na studium.\u201c<\/p>\n\n\n\n<p class=\"has-black-color has-text-color has-link-color wp-elements-f27a7e007bc30678a3df98bf06db0835\"><strong>4. 50 000 K\u010d na vzd\u011bl\u00e1n\u00ed: Rozli\u0161ujte \u201ekapesn\u00e9\u201c a \u201e\u0161koln\u00e9\u201c<\/strong><\/p>\n\n\n\n<p>\u010cast\u00fdm omylem je z\u00e1m\u011bna m\u011bs\u00ed\u010dn\u00ed podpory a rozpo\u010dtu na kurzy. Jde o dva odd\u011blen\u00e9 bal\u00edky pen\u011bz:<\/p>\n\n\n\n<ol class=\"wp-block-list\">\n<li class=\"has-black-color has-text-color has-link-color wp-elements-3a1114b47fa921613e1fdba688fdad64\"><strong>\u017divotn\u00ed minimum (Podpora):<\/strong>&nbsp;On\u011bch a\u017e 38 537 K\u010d m\u011bs\u00ed\u010dn\u011b, kter\u00e9 dost\u00e1v\u00e1te \u201edo kapsy\u201c na n\u00e1jem a j\u00eddlo.<\/li>\n\n\n\n<li class=\"has-black-color has-text-color has-link-color wp-elements-860dbfbff856626f93dcf8209f516fd3\"><strong>Studijn\u00ed rozpo\u010det (Vzd\u011bl\u00e1vac\u00ed \u00fa\u010det):<\/strong>&nbsp;\u010c\u00e1stka a\u017e&nbsp;<strong>50 000 K\u010d<\/strong>, kterou st\u00e1t zaplat\u00ed p\u0159\u00edmo vzd\u011bl\u00e1vac\u00edmu za\u0159\u00edzen\u00ed za v\u00e1\u0161 kurz.<\/li>\n<\/ol>\n\n\n\n<p class=\"has-black-color has-text-color has-link-color wp-elements-c444e8c0189990b987f9a947ba71a442\">Tento pades\u00e1titis\u00edcov\u00fd limit plat\u00ed pro obdob\u00ed&nbsp;<strong>3 po sob\u011b jdouc\u00edch let<\/strong>&nbsp;v r\u00e1mci modelu tzv. \u201ezvolen\u00e9 rekvalifikace\u201c. M\u016f\u017eete si vybrat jeden drah\u00fd kurz, nebo n\u011bkolik men\u0161\u00edch, kter\u00e9 na sebe navazuj\u00ed. V\u0161e \u0159e\u0161\u00edte online v e-shopu \u201eJsem v kurzu\u201c (p\u0159es Identitu ob\u010dana), a to minim\u00e1ln\u011b&nbsp;<strong>30 dn\u00ed p\u0159ed zah\u00e1jen\u00edm<\/strong>.<\/p>\n\n\n\n<p class=\"has-black-color has-text-color has-link-color wp-elements-01f6112f31120b0c6e5600366ccd2313\"><strong>5. Konec \u201ekurz\u016f pro kurzy\u201c: Prioritu maj\u00ed profese s budoucnost\u00ed<\/strong><\/p>\n\n\n\n<p class=\"has-black-color has-text-color has-link-color wp-elements-8c16dddbaabd80984021b21252480574\">St\u00e1t v roce 2026 p\u0159ech\u00e1z\u00ed na p\u0159\u00edsn\u011bj\u0161\u00ed posuzov\u00e1n\u00ed \u00fa\u010delnosti. \u00c9ra propl\u00e1cen\u00ed \u201ehobby kurz\u016f\u201c bez re\u00e1ln\u00e9ho uplatn\u011bn\u00ed skon\u010dila. Strategick\u00fdm c\u00edlem je efektivn\u00ed vyu\u017eit\u00ed ve\u0159ejn\u00fdch pen\u011bz, proto maj\u00ed zelenou obory s vysokou popt\u00e1vkou:&nbsp;<strong>IT, digit\u00e1ln\u00ed vzd\u011bl\u00e1v\u00e1n\u00ed a Pr\u016fmysl 4.0<\/strong>.<\/p>\n\n\n\n<p class=\"has-black-color has-text-color has-link-color wp-elements-052f5b371a6a5b38fd1c75f2bef384b6\">P\u0159i schvalov\u00e1n\u00ed se \u00da\u0159ad pr\u00e1ce (\u00daP) pt\u00e1: Pom\u016f\u017ee v\u00e1m tento kurz skute\u010dn\u011b naj\u00edt pr\u00e1ci? Je va\u0161e individu\u00e1ln\u00ed situace takov\u00e1, \u017ee tuto dovednost vyu\u017eijete? Pozor tak\u00e9 na d\u0159\u00edv\u011bj\u0161\u00ed projekty \u2013 nap\u0159\u00edklad specifick\u00fd p\u0159\u00edjem \u017e\u00e1dost\u00ed pro \u201eKurzy digit\u00e1ln\u00edho vzd\u011bl\u00e1v\u00e1n\u00ed\u201c skon\u010dil na podzim 2025. V roce 2026 se tyto oblasti realizuj\u00ed skrze standardn\u00ed \u201eZvolenou rekvalifikaci\u201c s d\u016frazem na praktick\u00e9 uplatn\u011bn\u00ed.<\/p>\n\n\n\n<p class=\"has-black-color has-text-color has-link-color wp-elements-40128588825ba6a5b50decc47152bfab\"><strong>6. Pr\u00e1vn\u00ed tip a \u201edrobn\u00e9 p\u00edsmo\u201c: Co v\u00e1m na \u00fa\u0159ad\u011b mo\u017en\u00e1 ne\u0159eknou<\/strong><\/p>\n\n\n\n<p class=\"has-black-color has-text-color has-link-color wp-elements-9c452eec0c6386349716156010b7c7b5\">Mnoho lid\u00ed se po zam\u00edtnut\u00ed \u017e\u00e1dosti vzd\u00e1, proto\u017ee stanovisko \u00daP p\u016fsob\u00ed jako kone\u010dn\u00e9. Z pohledu pr\u00e1va jde v\u0161ak o zah\u00e1jen\u00ed spr\u00e1vn\u00edho \u0159\u00edzen\u00ed a vy m\u00e1te sv\u00e9 zbran\u011b.<\/p>\n\n\n\n<ul class=\"wp-block-list\">\n<li class=\"has-black-color has-text-color has-link-color wp-elements-13cbbd21112acf9c2d7bb7c1d016b8e8\"><strong>Pr\u00e1vo na odvol\u00e1n\u00ed:<\/strong>&nbsp;Proti zam\u00edtnut\u00ed se m\u016f\u017eete odvolat k Ministerstvu pr\u00e1ce a soci\u00e1ln\u00edch v\u011bc\u00ed.<\/li>\n\n\n\n<li class=\"has-black-color has-text-color has-link-color wp-elements-c8841c280942db64e105031dac5cb4bd\"><strong>Pozor na lh\u016fty:<\/strong>&nbsp;Standardn\u00ed lh\u016fta je&nbsp;<strong>15 dn\u016f<\/strong>&nbsp;od doru\u010den\u00ed. Pokud v\u0161ak rozhodnut\u00ed (stanovisko) neobsahuje spr\u00e1vn\u00e9 pou\u010den\u00ed o odvol\u00e1n\u00ed, lh\u016fta se ze z\u00e1kona prodlu\u017euje a\u017e na&nbsp;<strong>90 dn\u016f<\/strong>.<\/li>\n\n\n\n<li class=\"has-black-color has-text-color has-link-color wp-elements-409f7875d911fe4484ac30a78095a9a6\"><strong>Z\u00e1vazek k pr\u00e1ci:<\/strong>&nbsp;Rekvalifikace je smlouva. Pokud kurz \u00fasp\u011b\u0161n\u011b dokon\u010d\u00edte, ale n\u00e1sledn\u011b bez v\u00e1\u017en\u00e9ho d\u016fvodu&nbsp;<strong>odm\u00edtnete nastoupit do vhodn\u00e9ho zam\u011bstn\u00e1n\u00ed<\/strong>, kter\u00e9 v\u00e1m \u00daP zprost\u0159edkuje a kter\u00e9 odpov\u00edd\u00e1 va\u0161\u00ed nov\u00e9 kvalifikaci, st\u00e1t po v\u00e1s m\u016f\u017ee vy\u017eadovat vr\u00e1cen\u00ed n\u00e1klad\u016f na kurz.<\/li>\n<\/ul>\n\n\n\n<p class=\"has-black-color has-text-color has-link-color wp-elements-c0d6e23a149e2377715a4fa8ddb4368f\"><strong>Tip pro \u010dten\u00e1\u0159e:<\/strong>&nbsp;<strong>Pokud pod\u00e1v\u00e1te odvol\u00e1n\u00ed, argumentujte v\u011bcn\u011b: dolo\u017ete konkr\u00e9tn\u00ed inzer\u00e1ty, kde vy\u017eaduj\u00ed danou kvalifikaci, nebo \u010destn\u00e9 prohl\u00e1\u0161en\u00ed budouc\u00edho zam\u011bstnavatele, \u017ee v\u00e1s po kurzu p\u0159ijme. To jsou argumenty, kter\u00e9 odborn\u00e1 komise nem\u016f\u017ee ignorovat.<\/strong><\/p>\n\n\n\n<p class=\"has-black-color has-text-color has-link-color wp-elements-b47ba3cb68473d69c2156cfb76e3f091\"><strong>7. Z\u00e1v\u011br: Va\u0161e budoucnost za\u010d\u00edn\u00e1 u jednoho formul\u00e1\u0159e<\/strong><\/p>\n\n\n\n<p class=\"has-black-color has-text-color has-link-color wp-elements-967b01164cd62f4360685f9fc520f87b\">Rok 2026 je rokem investic do lidsk\u00e9ho kapit\u00e1lu. St\u00e1tn\u00ed podpora dos\u00e1hla historick\u00fdch maxim a bari\u00e9ry pro zm\u011bnu profese jsou ni\u017e\u0161\u00ed ne\u017e kdy d\u0159\u00edve. Nejv\u011bt\u0161\u00ed riziko na sou\u010dasn\u00e9m trhu pr\u00e1ce nep\u0159edstavuje nejistota spojen\u00e1 s nov\u00fdm za\u010d\u00e1tkem, ale pasivn\u00ed stagnace v oboru, kter\u00fd miz\u00ed p\u0159ed o\u010dima.<\/p>\n\n\n\n<p class=\"has-black-color has-text-color has-link-color wp-elements-9cdbc0df4a29bd9b7b6789d8f6c41661\">M\u00e1te k dispozici pades\u00e1titis\u00edcov\u00fd rozpo\u010det na vzd\u011bl\u00e1n\u00ed a m\u011bs\u00ed\u010dn\u00ed jistotu a\u017e 38 537 K\u010d. Sta\u010d\u00ed ud\u011blat prvn\u00ed krok v e-shopu s kurzy.<\/p>\n\n\n\n<p class=\"has-black-color has-text-color has-link-color wp-elements-2ef69c917f92bf9ad8e4722c9fc85827\"><strong>Kde by mohla b\u00fdt va\u0161e kari\u00e9ra za p\u00e1r m\u011bs\u00edc\u016f studia?<\/strong><\/p>","protected":false},"excerpt":{"rendered":"<p>1. \u00davod: Pro\u010d se pr\u00e1v\u011b te\u010f vyplat\u00ed p\u0159em\u00fd\u0161let o zm\u011bn\u011b? Sv\u011bt pr\u00e1ce proch\u00e1z\u00ed nejrychlej\u0161\u00ed prom\u011bnou v modern\u00ed historii. S n\u00e1stupem \u201ePr\u016fmyslu 4.0\u201c a v\u0161udyp\u0159\u00edtomn\u00e9 digitalizace u\u017e nejde jen o to, co jste se nau\u010dili ve \u0161kole, ale o schopnost adaptovat se. Polo\u017ete si up\u0159\u00edmnou ot\u00e1zku: Je va\u0161e sou\u010dasn\u00e1 kvalifikace dostate\u010dn\u00e1 pro trh pr\u00e1ce roku 2030? [&hellip;]<\/p>\n","protected":false},"author":2,"featured_media":0,"comment_status":"closed","ping_status":"open","sticky":false,"template":"","format":"standard","meta":{"_seopress_robots_primary_cat":"","_seopress_titles_title":"","_seopress_titles_desc":"Rekvalifikace a rekvalifika\u010dn\u00ed kurzy hrazen\u00e9 p\u0159es \u00daP. Zm\u011bny ke kter\u00fdm do\u0161lo v roce 2026. - Aktu\u00e1ln\u00ed podm\u00ednky pro schv\u00e1len\u00ed \u017e\u00e1dosti a limity kurzovn\u00e9ho.","_seopress_robots_index":"","footnotes":""},"categories":[1],"tags":[15],"class_list":["post-955","post","type-post","status-publish","format-standard","hentry","category-prace","tag-rekvalifikace"],"_links":{"self":[{"href":"https:\/\/uspesnykrok.cz\/en\/wp-json\/wp\/v2\/posts\/955","targetHints":{"allow":["GET"]}}],"collection":[{"href":"https:\/\/uspesnykrok.cz\/en\/wp-json\/wp\/v2\/posts"}],"about":[{"href":"https:\/\/uspesnykrok.cz\/en\/wp-json\/wp\/v2\/types\/post"}],"author":[{"embeddable":true,"href":"https:\/\/uspesnykrok.cz\/en\/wp-json\/wp\/v2\/users\/2"}],"replies":[{"embeddable":true,"href":"https:\/\/uspesnykrok.cz\/en\/wp-json\/wp\/v2\/comments?post=955"}],"version-history":[{"count":4,"href":"https:\/\/uspesnykrok.cz\/en\/wp-json\/wp\/v2\/posts\/955\/revisions"}],"predecessor-version":[{"id":963,"href":"https:\/\/uspesnykrok.cz\/en\/wp-json\/wp\/v2\/posts\/955\/revisions\/963"}],"wp:attachment":[{"href":"https:\/\/uspesnykrok.cz\/en\/wp-json\/wp\/v2\/media?parent=955"}],"wp:term":[{"taxonomy":"category","embeddable":true,"href":"https:\/\/uspesnykrok.cz\/en\/wp-json\/wp\/v2\/categories?post=955"},{"taxonomy":"post_tag","embeddable":true,"href":"https:\/\/uspesnykrok.cz\/en\/wp-json\/wp\/v2\/tags?post=955"}],"curies":[{"name":"wp","href":"https:\/\/api.w.org\/{rel}","templated":true}]}}