{"id":719,"date":"2025-05-16T15:53:37","date_gmt":"2025-05-16T15:53:37","guid":{"rendered":"https:\/\/uspesnykrok.cz\/?p=719"},"modified":"2025-05-16T15:53:41","modified_gmt":"2025-05-16T15:53:41","slug":"dulezite-odkazy-pro-personalisty","status":"publish","type":"post","link":"https:\/\/uspesnykrok.cz\/en\/prace\/dulezite-odkazy-pro-personalisty\/","title":{"rendered":"D\u016fle\u017eit\u00e9 odkazy pro personalisty"},"content":{"rendered":"<p class=\"has-black-color has-light-green-cyan-background-color has-text-color has-background has-link-color wp-elements-fab30d63334ebd45f0c70e20f4a2ff89\"><strong>Za\u010d\u00edn\u00e1te v personalistice? Nebo jen chcete m\u00edt v\u0161e p\u011bkn\u011b pohromad\u011b? Nov\u00fd po\u010d\u00edta\u010d a &#8222;obl\u00edben\u00e9&#8220; ulo\u017een\u00e9 str\u00e1nky zmizely? Nevad\u00ed, n\u00ed\u017ee najdete odkazy, kter\u00e9 byste mohli pot\u0159ebovat.<\/strong><\/p>\n\n\n\n<p class=\"has-black-color has-text-color has-link-color wp-elements-53a94b0d48f1d48a06bbdcf8581e421d\">1.  <a href=\"https:\/\/www.zakonyprolidi.cz\/cs\/2006-262\">Z\u00e1kon\u00edk pr\u00e1ce online<\/a>, v\u017edy aktu\u00e1ln\u00ed zn\u011bn\u00ed. <\/p>\n\n\n\n<p class=\"has-black-color has-text-color has-link-color wp-elements-e7df66f02fb1bed06abd326aed319b7b\">2. <a href=\"https:\/\/www.cssz.cz\/kontakty\">\u010cSSZ &#8211; kontakty<\/a> (\u010cesk\u00e1 spr\u00e1va soci\u00e1ln\u00edho zabezpe\u010den\u00ed), najdete svou \u010cSSZ pro \u0159e\u0161en\u00ed konkr\u00e9tn\u00edch situac\u00ed<\/p>\n\n\n\n<p class=\"has-black-color has-text-color has-link-color wp-elements-db7b06ade1ef7314b7647227de66a422\">3. <a href=\"https:\/\/eportal.cssz.cz\/web\/portal\/tiskopisy-pro-zamestnavatele\">\u010cSSZ &#8211; formul\u00e1\u0159e<\/a>, v\u0161echny pot\u0159ebn\u00e9 formul\u00e1\u0159e na jednom m\u00edst\u011b. Z\u00e1znam o \u00farazu, hl\u00e1\u0161en\u00ed o zam\u011bstn\u00e1n\u00ed po\u017eivatele starobn\u00edho d\u016fchodu, ozn\u00e1men\u00ed o n\u00e1stupu do zam\u011bstn\u00e1n\u00ed, atd. <\/p>\n\n\n\n<p class=\"has-black-color has-text-color has-link-color wp-elements-50f60c2706a074761c6b47df2f2df419\">4. <a href=\"https:\/\/www.uradprace.cz\/pro-zamestnavatele\">\u00da\u0159ad pr\u00e1ce &#8211; PRO ZAM\u011aSTNAVATELE<\/a>, formul\u00e1\u0159e pro zam\u011bstnavatele, zad\u00e1v\u00e1n\u00ed voln\u00fdch m\u00edst, p\u0159\u00edsp\u011bvky, zam\u011bstn\u00e1n\u00ed OZP<\/p>\n\n\n\n<p class=\"has-black-color has-text-color has-link-color wp-elements-2d93476639432bc34223f42bd8942c9e\">5. <a href=\"https:\/\/nsp.cz\/\">N\u00e1rodn\u00ed soustava povol\u00e1n\u00ed<\/a>, za\u0159azen\u00ed povol\u00e1n\u00ed do klasifikace CZ-ISCO, pomoc p\u0159i psan\u00ed inzerce, povinn\u00e9 a doporu\u010den\u00e9 odborn\u00e9 zp\u016fsobilosti pro v\u00fdkon povol\u00e1n\u00ed &#8211; dan\u00e9 nap\u0159\u00edklad legislativou, pomoc p\u0159i nastaven\u00ed mezd a plat\u016f &#8211; dle region\u016f<\/p>\n\n\n\n<p class=\"has-black-color has-text-color has-link-color wp-elements-b69aabbb0de0e2d1cd519e0a81c624cb\">6. <a href=\"https:\/\/narodnikvalifikace.cz\/\">N\u00e1rodn\u00ed kvalifikace<\/a>, vyu\u017eijete nap\u0159\u00edklad pokud chcete nechat &#8222;dovzd\u011blat&#8220; zam\u011bstnance a zv\u00fd\u0161it tak jeho kvalifikaci<\/p>\n\n\n\n<p class=\"has-black-color has-text-color has-link-color wp-elements-c1f78a049391dfc89eda84d004ff5c87\">7. <a href=\"https:\/\/kancelarzp.cz\/kontakty-2\/ceske-zdravotni-pojistovny-2\/\">Zdravotn\u00ed poji\u0161\u0165ovny<\/a>, proklik na jednotliv\u00e9 zdravotn\u00ed poji\u0161\u0165ovny \u010cR &#8211; pohodln\u011b z jednoho m\u00edsta.<\/p>\n\n\n\n<p class=\"has-black-color has-text-color has-link-color wp-elements-bc6d51a4ee0b5b24e4e698ae844ffac6\">8. <a href=\"https:\/\/www.koop.cz\/navody-a-dokumenty\/nejcastejsi-dotazy\/reseni-skod\/u-zakonneho-pojisteni-zamestnavatele\/jak-postupovat\">Kooperativa &#8211; pracovn\u00ed \u00faraz,<\/a> hl\u00e1\u0161en\u00ed<\/p>\n\n\n\n<p>Ur\u010dit\u011b se k seznamu je\u0161t\u011b vr\u00e1t\u00edm a dopln\u00edm co m\u011b napadne. <\/p>","protected":false},"excerpt":{"rendered":"<p>Za\u010d\u00edn\u00e1te v personalistice? Nebo jen chcete m\u00edt v\u0161e p\u011bkn\u011b pohromad\u011b? Nov\u00fd po\u010d\u00edta\u010d a &#8222;obl\u00edben\u00e9&#8220; ulo\u017een\u00e9 str\u00e1nky zmizely? Nevad\u00ed, n\u00ed\u017ee najdete odkazy, kter\u00e9 byste mohli pot\u0159ebovat. 1. Z\u00e1kon\u00edk pr\u00e1ce online, v\u017edy aktu\u00e1ln\u00ed zn\u011bn\u00ed. 2. \u010cSSZ &#8211; kontakty (\u010cesk\u00e1 spr\u00e1va soci\u00e1ln\u00edho zabezpe\u010den\u00ed), najdete svou \u010cSSZ pro \u0159e\u0161en\u00ed konkr\u00e9tn\u00edch situac\u00ed 3. \u010cSSZ &#8211; formul\u00e1\u0159e, v\u0161echny pot\u0159ebn\u00e9 formul\u00e1\u0159e na [&hellip;]<\/p>\n","protected":false},"author":2,"featured_media":0,"comment_status":"closed","ping_status":"open","sticky":false,"template":"","format":"standard","meta":{"_seopress_robots_primary_cat":"","_seopress_titles_title":"","_seopress_titles_desc":"","_seopress_robots_index":"","footnotes":""},"categories":[1],"tags":[],"class_list":["post-719","post","type-post","status-publish","format-standard","hentry","category-prace"],"_links":{"self":[{"href":"https:\/\/uspesnykrok.cz\/en\/wp-json\/wp\/v2\/posts\/719","targetHints":{"allow":["GET"]}}],"collection":[{"href":"https:\/\/uspesnykrok.cz\/en\/wp-json\/wp\/v2\/posts"}],"about":[{"href":"https:\/\/uspesnykrok.cz\/en\/wp-json\/wp\/v2\/types\/post"}],"author":[{"embeddable":true,"href":"https:\/\/uspesnykrok.cz\/en\/wp-json\/wp\/v2\/users\/2"}],"replies":[{"embeddable":true,"href":"https:\/\/uspesnykrok.cz\/en\/wp-json\/wp\/v2\/comments?post=719"}],"version-history":[{"count":1,"href":"https:\/\/uspesnykrok.cz\/en\/wp-json\/wp\/v2\/posts\/719\/revisions"}],"predecessor-version":[{"id":720,"href":"https:\/\/uspesnykrok.cz\/en\/wp-json\/wp\/v2\/posts\/719\/revisions\/720"}],"wp:attachment":[{"href":"https:\/\/uspesnykrok.cz\/en\/wp-json\/wp\/v2\/media?parent=719"}],"wp:term":[{"taxonomy":"category","embeddable":true,"href":"https:\/\/uspesnykrok.cz\/en\/wp-json\/wp\/v2\/categories?post=719"},{"taxonomy":"post_tag","embeddable":true,"href":"https:\/\/uspesnykrok.cz\/en\/wp-json\/wp\/v2\/tags?post=719"}],"curies":[{"name":"wp","href":"https:\/\/api.w.org\/{rel}","templated":true}]}}