{"id":549,"date":"2025-02-10T12:37:07","date_gmt":"2025-02-10T12:37:07","guid":{"rendered":"https:\/\/uspesnykrok.cz\/?p=549"},"modified":"2025-06-04T11:21:39","modified_gmt":"2025-06-04T11:21:39","slug":"kde-hledat-praci","status":"publish","type":"post","link":"https:\/\/uspesnykrok.cz\/en\/prace\/kde-hledat-praci\/","title":{"rendered":"Kde hledat pr\u00e1ci"},"content":{"rendered":"<p class=\"has-black-color has-text-color has-link-color wp-elements-c8d6423d042a72aa18a68ce858fb7030\">Je v\u00edce mo\u017enost\u00ed jak se dozv\u011bd\u011bt o voln\u00e9m pracovn\u00edm m\u00edst\u011b. Prov\u00e1zala jsem odkazy na jednotliv\u00e9 mo\u017enosti, kter\u00fd V\u00e1s p\u0159epoj\u00ed na danou webovou str\u00e1nku. <\/p>\n\n\n\n<h2 class=\"wp-block-heading\">Pracovn\u00ed port\u00e1ly<\/h2>\n\n\n<div class=\"wp-block-image\">\n<figure class=\"alignleft size-full is-resized\"><img alt=\"\" loading=\"lazy\" decoding=\"async\" width=\"1024\" height=\"1024\" src=\"https:\/\/uspesnykrok.cz\/wp-content\/uploads\/2025\/02\/DALL\u00b7E-2025-02-10-13.13.19-A-partial-view-of-a-woman-sitting-behind-a-computer.-The-image-captures-her-hands-typing-on-a-keyboard-and-part-of-her-torso-wearing-a-casual-sweater.webp\" class=\"wp-image-550\" style=\"width:129px;height:auto\" srcset=\"https:\/\/uspesnykrok.cz\/wp-content\/uploads\/2025\/02\/DALL\u00b7E-2025-02-10-13.13.19-A-partial-view-of-a-woman-sitting-behind-a-computer.-The-image-captures-her-hands-typing-on-a-keyboard-and-part-of-her-torso-wearing-a-casual-sweater.webp 1024w, https:\/\/uspesnykrok.cz\/wp-content\/uploads\/2025\/02\/DALL\u00b7E-2025-02-10-13.13.19-A-partial-view-of-a-woman-sitting-behind-a-computer.-The-image-captures-her-hands-typing-on-a-keyboard-and-part-of-her-torso-wearing-a-casual-sweater-300x300.webp 300w, https:\/\/uspesnykrok.cz\/wp-content\/uploads\/2025\/02\/DALL\u00b7E-2025-02-10-13.13.19-A-partial-view-of-a-woman-sitting-behind-a-computer.-The-image-captures-her-hands-typing-on-a-keyboard-and-part-of-her-torso-wearing-a-casual-sweater-150x150.webp 150w, https:\/\/uspesnykrok.cz\/wp-content\/uploads\/2025\/02\/DALL\u00b7E-2025-02-10-13.13.19-A-partial-view-of-a-woman-sitting-behind-a-computer.-The-image-captures-her-hands-typing-on-a-keyboard-and-part-of-her-torso-wearing-a-casual-sweater-768x768.webp 768w, https:\/\/uspesnykrok.cz\/wp-content\/uploads\/2025\/02\/DALL\u00b7E-2025-02-10-13.13.19-A-partial-view-of-a-woman-sitting-behind-a-computer.-The-image-captures-her-hands-typing-on-a-keyboard-and-part-of-her-torso-wearing-a-casual-sweater-100x100.webp 100w\" sizes=\"auto, (max-width: 1024px) 100vw, 1024px\" \/><\/figure>\n<\/div>\n\n\n<p class=\"has-black-color has-text-color has-link-color wp-elements-da7fc297dd2c5842864781cc92a81bf0\">Pracovn\u00ed port\u00e1ly jsou nejen v \u010cesk\u00e9 republice velmi obl\u00edben\u00e9. Zam\u011bstnavatel zaplat\u00ed \u010d\u00e1stku (v\u011bt\u0161inou v \u0159\u00e1dech vy\u0161\u0161\u00edch stovek a\u017e n\u011bkolik tis\u00edc za ka\u017edou pozici) a po ur\u010ditou dobu je jeho inzer\u00e1t zobrazov\u00e1n (v\u011bt\u0161inou po dobu jednoho m\u011bs\u00edce). Jednotliv\u00e9 port\u00e1ly nab\u00edz\u00ed u\u017eivatelsky v\u00edce \u010di m\u00e9n\u011b p\u0159ehledn\u00e9 prost\u0159ed\u00ed s mo\u017enost\u00ed vyhled\u00e1v\u00e1n\u00ed dle obor\u016f, lokalit nebo kl\u00ed\u010dov\u00fdch slov.<\/p>\n\n\n\n<p class=\"has-black-color has-text-color has-link-color wp-elements-8e20ced7744910fd3e14622dc686b919\"><strong>Nejobl\u00edben\u011bj\u0161\u00ed port\u00e1ly:<\/strong><\/p>\n\n\n\n<ul class=\"wp-block-list\">\n<li class=\"has-black-color has-text-color has-link-color wp-elements-55efe20e5d8da2094dc03e42d76b56c1\"><a href=\"http:\/\/www.jobs.cz\">jobs.cz<\/a> &#8211; v\u011bt\u0161inou kancel\u00e1\u0159sk\u00e9 pozice. St\u0159edn\u00ed a\u017e top management. <\/li>\n\n\n\n<li class=\"has-black-color has-text-color has-link-color wp-elements-904a8e740eb8f497ebcb4fe90f1ff573\"><a href=\"http:\/\/www.prace.cz\">prace.cz<\/a> &#8211; m\u00e1 stejn\u00e9ho majitele jako jobs.cz, najdeme zde v\u00edce manu\u00e1ln\u00edch profes\u00ed. <\/li>\n\n\n\n<li class=\"has-black-color has-text-color has-link-color wp-elements-5c6cb028f3c34689ecab723265798964\"><a href=\"http:\/\/pracezarohem.cz\">pracezarohem.cz<\/a> &#8211; stejn\u00fd majitel jako v\u00fd\u0161e zm\u00edn\u011bn\u00ed jobs.cz a prace.cz. Lze podle lokality bydli\u0161t\u011b vyhledat pracovn\u00ed nab\u00eddky v okol\u00ed podle V\u00e1mi zadan\u00fdch krit\u00e9ri\u00ed. Nejsou zde v\u0161echny nab\u00eddky z prace.cz nebo jobsu, nakolik je to placen\u00e1 dopl\u0148kov\u00e1 slu\u017eba p\u0159i uve\u0159ejn\u011bn\u00ed inzer\u00e1tu.<\/li>\n\n\n\n<li class=\"has-black-color has-text-color has-link-color wp-elements-475f58e4a238905551be6d918d563f59\"><a href=\"http:\/\/www.jenprace.cz\">jenprace.cz<\/a> &#8211; hlavn\u011b manu\u00e1ln\u00ed profese nebo ni\u017e\u0161\u00ed administrativa. <\/li>\n\n\n\n<li class=\"has-black-color has-text-color has-link-color wp-elements-5db71ea68d631cf65c19d38a4382757f\"><a href=\"http:\/\/www.dobraprace.cz\">dobraprace.cz<\/a> &#8211; hlavn\u011b manu\u00e1ln\u00ed profese nebo ni\u017e\u0161\u00ed administrativa.<\/li>\n\n\n\n<li class=\"has-black-color has-text-color has-link-color wp-elements-541f63940912f501eac2703e5c6c7018\"><a href=\"http:\/\/profesia.cz\">profesia.cz <\/a>&#8211; \u010desk\u00e1 pobo\u010dka profesia.sk, m\u00e9n\u011b pozic v jednotliv\u00fdch regionech. P\u0159edev\u0161\u00edm manu\u00e1ln\u00ed pozice, specialist\u00e9. <\/li>\n\n\n\n<li class=\"has-black-color has-text-color has-link-color wp-elements-0b7e9cedde67b8f91fbd91e5351f1541\">ad. <\/li>\n<\/ul>\n\n\n\n<p class=\"has-black-color has-text-color has-link-color wp-elements-61ade0663eb89af6e95fe8a2c5baf27d\">Tak\u00e9 je mo\u017en\u00e9 nahr\u00e1t p\u0159\u00edmo sv\u016fj \u017eivotopis a nechat se vyhledat zam\u011bstnavatelem. Nap\u0159. na str\u00e1nce <a href=\"https:\/\/www.zivotopisy.cz\/\">\u017divotopisy.cz.<\/a> Zam\u011bstnavatel si m\u016f\u017ee zobrazit V\u00e1\u0161 \u017eivotopis. Pokud se mu l\u00edb\u00ed, zaplat\u00ed za &#8222;odem\u010den\u00ed&#8220; kontaktn\u00edch \u00fadaj\u016f a t\u00edm dostane mo\u017enost V\u00e1s kontaktovat. Sv\u016fj CV (\u017eivotopis) je mo\u017en\u00e9 nahr\u00e1t tak\u00e9 na v\u011bt\u0161in\u011b pracovn\u00edch port\u00e1l\u016f. <\/p>\n\n\n\n<h2 class=\"wp-block-heading has-black-color has-text-color has-link-color wp-elements-fee68811eee5cb076e95ae32afa5d1e3\">Soci\u00e1ln\u00ed s\u00edt\u011b<\/h2>\n\n\n\n<p class=\"has-black-color has-text-color has-link-color wp-elements-48ad67c0f187fd55950d930f61d4da53\">Tak\u00e9 soci\u00e1ln\u00ed s\u00edt\u011b lze vyu\u017e\u00edt jinak, ne\u017e jen ke sd\u00edlen\u00ed fotek z v\u00fdlet\u016f a dovolen\u00e9. Pracovn\u00ed nab\u00eddky zde m\u016f\u017ee zve\u0159ej\u0148ovat p\u0159\u00edmo zam\u011bstnavatel na &#8222;sv\u00e9 str\u00e1nce&#8220;, person\u00e1ln\u00ed agentura, pracovn\u00ed port\u00e1ly nebo mohou b\u00fdt p\u0159\u00edmo ve skupin\u00e1ch pro hled\u00e1n\u00ed pr\u00e1ce ur\u010den\u00fdch. <\/p>\n\n\n\n<ul class=\"wp-block-list\">\n<li class=\"has-black-color has-text-color has-link-color wp-elements-b2ef8f979f923beab0ac7e974954264b\"><a href=\"http:\/\/facebook.com\">Facebook<\/a> &#8211; specializovan\u00e9 skupiny s pracovn\u00edmi nab\u00eddkami &#8211; nap\u0159\u00edklad podle lokality nebo pracovn\u00edho zam\u011b\u0159en\u00ed. Zkuste zadat do vyhled\u00e1v\u00e1n\u00ed na Facebooku nap\u0159\u00edklad &#8222;Hled\u00e1m pr\u00e1ci&#8220;, &#8222;Nab\u00eddka Pr\u00e1ce&#8220;, &#8222;Nab\u00eddka pr\u00e1ce s ubytov\u00e1n\u00edm&#8220; nebo p\u0159idat je\u0161t\u011b n\u00e1zev m\u011bsta nebo lokality kde hled\u00e1te.<\/li>\n\n\n\n<li class=\"has-black-color has-text-color has-link-color wp-elements-f871a3cd9abdf66f11bd9e08975fa7a6\"><a href=\"http:\/\/linkedin.com\">Linkedin <\/a>&#8211; nen\u00ed ur\u010deno pro pozice s velmi n\u00edzkou kvalifikac\u00ed. Pracovn\u00ed nab\u00eddky a osloven\u00ed hlavn\u011b od specialist\u016f a\u017e po TOP management. <\/li>\n\n\n\n<li class=\"has-black-color has-text-color has-link-color wp-elements-2fd4676ba69d3adfa00295a006f05ffe\"><a href=\"http:\/\/instagram.com\">Instagram<\/a> &#8211; c\u00edl\u00ed zejm\u00e9na na mlad\u0161\u00ed c\u00edlovou skupinu. <\/li>\n\n\n\n<li class=\"has-black-color has-text-color has-link-color wp-elements-4605b5368ddfc1c40f1438af1e94b77b\">ad. (nap\u0159. TikTok, ad.)<\/li>\n<\/ul>\n\n\n\n<h2 class=\"wp-block-heading\">\u00da\u0159ad pr\u00e1ce<\/h2>\n\n\n\n<p class=\"has-black-color has-text-color has-link-color wp-elements-2c576ba06aa89806aa8a805d47fb43d8\">Tak\u00e9 \u00fa\u0159ad pr\u00e1ce zve\u0159ej\u0148uje nab\u00eddky. Tyto nab\u00eddky pr\u00e1ce \u00fa\u0159ad pr\u00e1ce nikde nehled\u00e1, zam\u011bstnavatel je takt\u00e9\u017e mus\u00ed zadat pro zve\u0159ejn\u011bn\u00ed. V\u00fdhodou u t\u011bchto nab\u00eddek pr\u00e1ce je, \u017ee zde mus\u00ed b\u00fdt uvedena mzda\/plat. Lze filtrovat nejen dle pozice, ale tak\u00e9 lokality nebo dojezdu. V\u0161echny nab\u00eddky, kter\u00e9 jsou zve\u0159ejn\u011bny na \u00fa\u0159adu pr\u00e1ce najdete <a href=\"https:\/\/www.uradprace.cz\/volna-mista-v-cr\">HERE. <\/a> N\u011bkter\u00e9 pracovn\u00ed port\u00e1ly tyto nab\u00eddky p\u0159episuj\u00ed tak\u00e9 k sob\u011b do nab\u00eddky.<\/p>\n\n\n\n<h2 class=\"wp-block-heading has-black-color has-text-color has-link-color wp-elements-048b9101244a8a8644553ee6b5cb28e6\">Webov\u00e9 str\u00e1nky zam\u011bstnavatele<\/h2>\n\n\n\n<p class=\"has-black-color has-text-color has-link-color wp-elements-13e395211dca31586ba446f1071509d5\">Chod\u00edte\/jezd\u00edte kolem firmy, kde byste cht\u011bli pracovat? Mrkn\u011bte na jejich webov\u00e9 str\u00e1nky! V\u011bt\u0161inou na v\u0161ech str\u00e1nk\u00e1ch lze dohledat odkaz typu &#8222;Kari\u00e9ra&#8220;, &#8222;Voln\u00e1 m\u00edsta&#8220;, apod. Jde o jeden z nejlevn\u011bj\u0161\u00edch zdroj\u016f n\u00e1boru pro zam\u011bstnavatele. Nev\u00edte jak\u00e9 jsou webov\u00e9 str\u00e1nky firmy? Sta\u010d\u00ed zadat do vyhled\u00e1va\u010de (Google, seznam, ad.) jej\u00ed n\u00e1zev a pokud firma vlastn\u00ed webovou str\u00e1nku, ur\u010dit\u011b bude mezi prvn\u00edmi vyhledan\u00fdmi. Pokud se jedn\u00e1 o pobo\u010dky zahrani\u010dn\u00edch firem (nap\u0159. v oboru automotive..), nemus\u00ed \u010desk\u00e9 str\u00e1nky existovat. V t\u00e9 chv\u00edli nen\u00ed nic jednodu\u0161\u0161\u00edho ne\u017e se zaj\u00edt zeptat na vr\u00e1tnici\/recepci &#8211; kde jsou voln\u00e1 m\u00edsta uve\u0159ejn\u011bna nebo tam rovnou zanechat \u017eivotopis. <\/p>\n\n\n\n<h2 class=\"wp-block-heading has-black-color has-text-color has-link-color wp-elements-fc8e67fabc1fef8b37c7a9eb37f02454\">Webov\u00e9 str\u00e1nky, v\u00fdv\u011bska nebo rozhlas obce<\/h2>\n\n\n\n<p>Dal\u0161\u00ed zdroj &#8211; n\u011bkter\u00e9 webov\u00e9 str\u00e1nky obc\u00ed umo\u017e\u0148uj\u00ed zam\u011bstnavatel\u016fm na \u00fazem\u00ed sv\u00e9 obce inzerovat voln\u00e9 pozice tak\u00e9 na jejich webu, v\u00fdv\u011bsce, p\u0159\u00edpadn\u011b v rozhlase. <\/p>\n\n\n\n<h2 class=\"wp-block-heading has-black-color has-text-color has-link-color wp-elements-c780054e0783cbbf562a4f609656650a\">P\u0159\u00e1tel\u00e9 a zn\u00e1m\u00ed<\/h2>\n\n\n<div class=\"wp-block-image\">\n<figure class=\"alignleft size-full is-resized\"><img alt=\"\" loading=\"lazy\" decoding=\"async\" width=\"1024\" height=\"1024\" src=\"https:\/\/uspesnykrok.cz\/wp-content\/uploads\/2025\/02\/DALL\u00b7E-2025-02-10-13.25.05-A-realistic-photograph-of-a-group-of-friends-happily-chatting-and-laughing-together-in-a-cozy-restaurant.-They-are-sitting-around-a-wooden-table-enjo.webp\" class=\"wp-image-553\" style=\"width:133px;height:auto\" srcset=\"https:\/\/uspesnykrok.cz\/wp-content\/uploads\/2025\/02\/DALL\u00b7E-2025-02-10-13.25.05-A-realistic-photograph-of-a-group-of-friends-happily-chatting-and-laughing-together-in-a-cozy-restaurant.-They-are-sitting-around-a-wooden-table-enjo.webp 1024w, https:\/\/uspesnykrok.cz\/wp-content\/uploads\/2025\/02\/DALL\u00b7E-2025-02-10-13.25.05-A-realistic-photograph-of-a-group-of-friends-happily-chatting-and-laughing-together-in-a-cozy-restaurant.-They-are-sitting-around-a-wooden-table-enjo-300x300.webp 300w, https:\/\/uspesnykrok.cz\/wp-content\/uploads\/2025\/02\/DALL\u00b7E-2025-02-10-13.25.05-A-realistic-photograph-of-a-group-of-friends-happily-chatting-and-laughing-together-in-a-cozy-restaurant.-They-are-sitting-around-a-wooden-table-enjo-150x150.webp 150w, https:\/\/uspesnykrok.cz\/wp-content\/uploads\/2025\/02\/DALL\u00b7E-2025-02-10-13.25.05-A-realistic-photograph-of-a-group-of-friends-happily-chatting-and-laughing-together-in-a-cozy-restaurant.-They-are-sitting-around-a-wooden-table-enjo-768x768.webp 768w, https:\/\/uspesnykrok.cz\/wp-content\/uploads\/2025\/02\/DALL\u00b7E-2025-02-10-13.25.05-A-realistic-photograph-of-a-group-of-friends-happily-chatting-and-laughing-together-in-a-cozy-restaurant.-They-are-sitting-around-a-wooden-table-enjo-100x100.webp 100w\" sizes=\"auto, (max-width: 1024px) 100vw, 1024px\" \/><\/figure>\n<\/div>\n\n\n<p class=\"has-black-color has-text-color has-link-color wp-elements-7bdae0ca2537186364aa08d739b79ef5\">Nesty\u010fte se. Pokud sh\u00e1n\u00edte pr\u00e1ci, roz\u0161i\u0159te tuto informaci do sv\u00e9ho okol\u00ed. Zam\u011bstnanci ve firm\u00e1ch se dozv\u00ed mezi prvn\u00edmi, \u017ee se hled\u00e1 nov\u00fd kolega. M\u016f\u017eou se tak\u00e9 poptat sv\u00fdch zn\u00e1m\u00fdch, za\u010d\u00edt d\u00e1vat pozor na cest\u011b do\/z pr\u00e1ce na billboardy nebo plak\u00e1ty. Spousta zam\u011bstnavatel\u016f tak\u00e9 nab\u00edz\u00ed odm\u011bnu za doporu\u010den\u00e9ho zam\u011bstnance (vyplacenou po ur\u010dit\u00e9 odpracovan\u00e9 dob\u011b, v\u011bt\u0161inou po zku\u0161ebn\u00ed dob\u011b). Nav\u00edc osoba V\u00e1m bl\u00edzk\u00e1 je pro V\u00e1s ide\u00e1ln\u00edm zdrojem informaci o firemn\u00ed kultu\u0159e, p\u0159\u00edpadn\u00fdch nad\u0159\u00edzen\u00fdch, apod.<\/p>\n\n\n\n<h2 class=\"wp-block-heading has-black-color has-text-color has-link-color wp-elements-e573931f754649874b3498ec66c428f5\">Pracovn\u00ed agentury<\/h2>\n\n\n\n<p class=\"has-black-color has-text-color has-link-color wp-elements-fa307780cb772464b738de8e12150378\">Pracovn\u00ed agentury nenaj\u00edmaj\u00ed jen pracovn\u00edky, kter\u00e9 pod sebou d\u00e1le p\u0159id\u011bl\u00ed zam\u011bstnavatel\u016fm &#8211; hledaj\u00ed tak\u00e9 p\u0159\u00edmo kmenov\u00e9 zam\u011bstnance. Vy za registraci neplat\u00edte nic, plat\u00ed za V\u00e1s zam\u011bstnavatel, pokud k n\u011bmu opravdu nastoup\u00edte a odpracujete dohodnutou dobu. Jedn\u00e1 se o z\u00e1kladn\u00ed pozice od oper\u00e1tor\u016f v\u00fdroby, a\u017e po ty vysoce specializovan\u00e9, kter\u00e9 je t\u011b\u017ek\u00e9 obsadit. N\u011bkdy jen firma nem\u00e1 \u010das a prostor pro vyps\u00e1n\u00ed sv\u00e9ho v\u00fdb\u011brov\u00e9ho \u0159\u00edzen\u00ed a domluv\u00ed se s jednou nebo v\u00edce agenturami na zasl\u00e1n\u00ed vhodn\u00fdch kandid\u00e1t\u016f. Pokud hled\u00e1te pr\u00e1ci nebo teprve zva\u017eujete zm\u011bnu, zkuste se zaregistrovat (m\u011blo by b\u00fdt u v\u0161ech agentur bezplatn\u011b) a zaslat jim \u017eivotopis. Budete ulo\u017een\u00ed v datab\u00e1zi a v p\u0159\u00edpad\u011b, \u017ee budete vhodn\u00ed pro n\u011bjakou z pracovn\u00edch nab\u00eddek, oslov\u00ed V\u00e1s.<\/p>\n\n\n\n<p class=\"has-black-color has-text-color has-link-color wp-elements-be995085343a12f360f9aad14a735613\">Jedny z nejv\u011bt\u0161\u00edch pracovn\u00edch agentur, kter\u00e9 zprost\u0159edkov\u00e1vaj\u00ed zam\u011bstn\u00e1n\u00ed do kmene spole\u010dnosti jsou: <\/p>\n\n\n\n<ul class=\"wp-block-list\">\n<li class=\"has-black-color has-text-color has-link-color wp-elements-47c0ac211c97fbbbc5e96a59e6992ee0\"><a href=\"https:\/\/www.adecco.cz\/\">Adecco<\/a><\/li>\n\n\n\n<li class=\"has-black-color has-text-color has-link-color wp-elements-0245e8b2e58725f2d0cdee893837ffe9\"><a href=\"https:\/\/www.manpower.cz\/\">Manpower<\/a><\/li>\n\n\n\n<li class=\"has-black-color has-text-color has-link-color wp-elements-7bd8aaadb64119cb0296984d10622559\"><a href=\"https:\/\/indicada.cz\/\">Right Indicada<\/a><\/li>\n\n\n\n<li class=\"has-black-color has-text-color has-link-color wp-elements-9484e8b138a417f57e718732bd5674e5\"><a href=\"https:\/\/www.grafton.cz\/cs\">Grafton recruitment<\/a><\/li>\n\n\n\n<li class=\"has-black-color has-text-color has-link-color wp-elements-f60340b209d87dd8edb40e2f899c95b8\"><a href=\"https:\/\/www.specialist.cz\/\">Specialist service<\/a><\/li>\n\n\n\n<li class=\"has-black-color has-text-color has-link-color wp-elements-4b5597ed8037abd2e41d45bbd587c40f\"><a href=\"https:\/\/www.randstad.cz\/\">Randstad<\/a><\/li>\n\n\n\n<li class=\"has-black-color has-text-color has-link-color wp-elements-2cfa21a308b526943f45596f4a8116cb\"><a href=\"https:\/\/nabidkyprace.manuvia.com\/\">Manuvia<\/a><\/li>\n\n\n\n<li class=\"has-black-color has-text-color has-link-color wp-elements-67da91c7237e4e5e23b7dd4a50ff2501\"><a href=\"https:\/\/hrdirect.cz\/\">HR Direct<\/a><\/li>\n\n\n\n<li class=\"has-black-color has-text-color has-link-color wp-elements-82ec02500a8d106980e7ed27b1a6d77f\"><a href=\"https:\/\/cz.trenkwalder.com\/\">Trenkwalder<\/a><\/li>\n\n\n\n<li class=\"has-black-color has-text-color has-link-color wp-elements-88d4313f0e12ed840e229635681153d1\">a spousta dal\u0161\u00edch. L\u00edb\u00ed se mi jejich seznam zve\u0159ejn\u011bn\u00fd na dobraprace.cz &#8211; p\u0159\u00edm\u00fd odkaz <a href=\"https:\/\/www.dobraprace.cz\/personalni-agentury\/\">HERE<\/a>.<\/li>\n<\/ul>\n\n\n\n<p class=\"has-black-color has-text-color has-link-color wp-elements-a06365c378e19828cda42ef5dc2865d2\">Je t\u0159eba v\u011bnovat \u010das v\u00fdb\u011bru. Pokud se jedn\u00e1 o men\u0161\u00ed nebo novou agenturu, nemus\u00ed to b\u00fdt automaticky \u0161patn\u011b &#8211; zkuste dohledat reference. Pokud m\u00e1te z\u00e1jem o pr\u00e1ci u p\u0159\u00edm\u00e9ho zam\u011bstnavatele, budete m\u00edt uzav\u0159enou smlouvou se zam\u011bstnavatelem, ne s agenturou.<\/p>\n\n\n\n<h2 class=\"wp-block-heading has-black-color has-text-color has-link-color wp-elements-1eb96cbf455c15fe86f2156bdb22396e\">Tisk a r\u00e1dio<\/h2>\n\n\n<div class=\"wp-block-image\">\n<figure class=\"alignleft size-full is-resized\"><img alt=\"\" loading=\"lazy\" decoding=\"async\" width=\"1024\" height=\"1024\" src=\"https:\/\/uspesnykrok.cz\/wp-content\/uploads\/2025\/02\/DALL\u00b7E-2025-02-10-13.15.34-A-stack-of-newspapers-and-magazines-placed-on-a-wooden-table-with-a-vintage-radio-sitting-beside-them.-The-newspapers-are-slightly-crumpled-and-the-.webp\" class=\"wp-image-551\" style=\"width:167px;height:auto\" srcset=\"https:\/\/uspesnykrok.cz\/wp-content\/uploads\/2025\/02\/DALL\u00b7E-2025-02-10-13.15.34-A-stack-of-newspapers-and-magazines-placed-on-a-wooden-table-with-a-vintage-radio-sitting-beside-them.-The-newspapers-are-slightly-crumpled-and-the-.webp 1024w, https:\/\/uspesnykrok.cz\/wp-content\/uploads\/2025\/02\/DALL\u00b7E-2025-02-10-13.15.34-A-stack-of-newspapers-and-magazines-placed-on-a-wooden-table-with-a-vintage-radio-sitting-beside-them.-The-newspapers-are-slightly-crumpled-and-the--300x300.webp 300w, https:\/\/uspesnykrok.cz\/wp-content\/uploads\/2025\/02\/DALL\u00b7E-2025-02-10-13.15.34-A-stack-of-newspapers-and-magazines-placed-on-a-wooden-table-with-a-vintage-radio-sitting-beside-them.-The-newspapers-are-slightly-crumpled-and-the--150x150.webp 150w, https:\/\/uspesnykrok.cz\/wp-content\/uploads\/2025\/02\/DALL\u00b7E-2025-02-10-13.15.34-A-stack-of-newspapers-and-magazines-placed-on-a-wooden-table-with-a-vintage-radio-sitting-beside-them.-The-newspapers-are-slightly-crumpled-and-the--768x768.webp 768w, https:\/\/uspesnykrok.cz\/wp-content\/uploads\/2025\/02\/DALL\u00b7E-2025-02-10-13.15.34-A-stack-of-newspapers-and-magazines-placed-on-a-wooden-table-with-a-vintage-radio-sitting-beside-them.-The-newspapers-are-slightly-crumpled-and-the--100x100.webp 100w\" sizes=\"auto, (max-width: 1024px) 100vw, 1024px\" \/><\/figure>\n<\/div>\n\n\n<p class=\"has-black-color has-text-color has-link-color wp-elements-e256e0a7f4eb441498d89011b3b67eab\">Ano, i kdy\u017e u\u017e dneska sl\u00e1va novinov\u00fdch pl\u00e1tk\u016f typu &#8222;Av\u00edzo&#8220; nen\u00ed tak velk\u00e1, daj\u00ed se st\u00e1le sehnat. Zdarma do schr\u00e1nky v n\u011bkter\u00fdch lokalit\u00e1ch chod\u00ed nap\u0159\u00edklad &#8222;ZIKADO&#8220;. Firmy si zde zaplat\u00ed inzerci, kter\u00e1 je pak po ur\u010ditou dobu vyd\u00e1v\u00e1na &#8211; pamatujte, ta nejv\u011bt\u0161\u00ed reklama nemus\u00ed znamenat tu nejlep\u0161\u00ed pr\u00e1ci. <\/p>\n\n\n\n<p class=\"has-black-color has-text-color has-link-color wp-elements-d81f11d6df6da40ab902741925dbecd1\">Stejn\u011b tak v r\u00e1diu &#8211; p\u0159es zaplacen\u00fd spot, v ur\u010ditou denn\u00ed dobu, n\u011bkolikr\u00e1t denn\u011b &#8211; m\u016f\u017eete sly\u0161et n\u00e1borovou kampa\u0148 zam\u011bstnavatele. Firm\u00e1m se vyplat\u00ed zpravidla p\u0159i v\u011bt\u0161\u00edm n\u00e1boru nebo pokud voln\u00e9 pozice obsazuj\u00ed po dobu del\u0161\u00edho \u010dasov\u00e9ho horizontu. V\u011bt\u0161inou je reklamn\u00edm pracovn\u00edkem podle c\u00edlov\u00e9 skupiny (hlavn\u011b v\u011bk) doporu\u010dena stanice. <\/p>\n\n\n\n<h2 class=\"wp-block-heading has-black-color has-text-color has-link-color wp-elements-91bdfd22569db1425b40a1a0c004c0ea\">Prodejny, provozovny<\/h2>\n\n\n\n<p class=\"has-black-color has-text-color has-link-color wp-elements-05e590583c5bf18cd642a7a559cd1fa2\">Nejsnaz\u0161\u00ed cesta, aby se lid\u00e9 dozv\u011bd\u011bli o voln\u00e9m pracovn\u00edm m\u00edst\u011b, je vyv\u011b\u0161en\u00ed n\u00e1borov\u00e9ho plak\u00e1tku p\u0159\u00edmo na v\u00fdlohu\/dve\u0159e provozovny. Vid\u00edte, dal\u0161\u00ed d\u016fvod pro\u010d by Va\u0161e okol\u00ed m\u011blo v\u011bd\u011bt o tom, \u017ee hled\u00e1te pr\u00e1ci. <\/p>\n\n\n\n<h2 class=\"wp-block-heading has-black-color has-text-color has-link-color wp-elements-eedc7acc0a85b2c82a5cc5ea59153b70\">Kari\u00e9rov\u00e9 dny, Kari\u00e9rov\u00e9 eventy<\/h2>\n\n\n<div class=\"wp-block-image\">\n<figure class=\"alignleft size-large is-resized\"><img alt=\"\" loading=\"lazy\" decoding=\"async\" width=\"1024\" height=\"585\" src=\"https:\/\/uspesnykrok.cz\/wp-content\/uploads\/2025\/02\/DALL\u00b7E-2025-02-10-13.16.39-A-bustling-career-fair-with-multiple-booths-lined-up-each-representing-different-companies.-A-large-crowd-of-professionally-dressed-individuals-is-en-1024x585.webp\" class=\"wp-image-552\" style=\"width:198px;height:auto\" srcset=\"https:\/\/uspesnykrok.cz\/wp-content\/uploads\/2025\/02\/DALL\u00b7E-2025-02-10-13.16.39-A-bustling-career-fair-with-multiple-booths-lined-up-each-representing-different-companies.-A-large-crowd-of-professionally-dressed-individuals-is-en-1024x585.webp 1024w, https:\/\/uspesnykrok.cz\/wp-content\/uploads\/2025\/02\/DALL\u00b7E-2025-02-10-13.16.39-A-bustling-career-fair-with-multiple-booths-lined-up-each-representing-different-companies.-A-large-crowd-of-professionally-dressed-individuals-is-en-300x171.webp 300w, https:\/\/uspesnykrok.cz\/wp-content\/uploads\/2025\/02\/DALL\u00b7E-2025-02-10-13.16.39-A-bustling-career-fair-with-multiple-booths-lined-up-each-representing-different-companies.-A-large-crowd-of-professionally-dressed-individuals-is-en-768x439.webp 768w, https:\/\/uspesnykrok.cz\/wp-content\/uploads\/2025\/02\/DALL\u00b7E-2025-02-10-13.16.39-A-bustling-career-fair-with-multiple-booths-lined-up-each-representing-different-companies.-A-large-crowd-of-professionally-dressed-individuals-is-en-1536x878.webp 1536w, https:\/\/uspesnykrok.cz\/wp-content\/uploads\/2025\/02\/DALL\u00b7E-2025-02-10-13.16.39-A-bustling-career-fair-with-multiple-booths-lined-up-each-representing-different-companies.-A-large-crowd-of-professionally-dressed-individuals-is-en.webp 1792w\" sizes=\"auto, (max-width: 1024px) 100vw, 1024px\" \/><\/figure>\n<\/div>\n\n\n<p class=\"has-black-color has-text-color has-link-color wp-elements-e4aa611580e726ba8e727731fcddbee9\">Jednou za ur\u010dit\u00e9 \u010dasov\u00e9 obdob\u00ed (ty v\u011bt\u0161\u00ed pravideln\u011b) se konaj\u00ed kari\u00e9rov\u00e9 dny, expozice, eventy.. P\u0159edstavuj\u00ed se zde zam\u011bstnavatel\u00e9 s konkr\u00e9tn\u00edmi pracovn\u00edmi nab\u00eddkami. N\u011bkter\u00e9 z nich vypisuji n\u00ed\u017ee. V\u00fdhodou jsou doprovodn\u00e9 programy, workshopy, prezentace zaj\u00edmav\u00fdch zam\u011bstnavatel\u016f, konzultace CV, apod.: <\/p>\n\n\n\n<ul class=\"wp-block-list\">\n<li class=\"has-black-color has-text-color has-link-color wp-elements-9b730d975a87421f7089a251dbbba333\"><a href=\"https:\/\/www.careerexpo.cz\/\">CAREEREXPO<\/a> &#8211; p\u0159es 70 zam\u011bstnavatel\u016f. Letos 12.-13. b\u0159ezna (2025) v Praze.<\/li>\n\n\n\n<li class=\"has-black-color has-text-color has-link-color wp-elements-5d7c35fb9a610a82536c1fc3bba4f262\"><a href=\"https:\/\/projekty.iaeste.cz\/akce\/veletrh-ikariera-v-brne-2025\">Veletrh Ikari\u00e9ra.cz <\/a>&#8211; v\u011bt\u0161inou technick\u00e9 pozice. V are\u00e1lu fakulty Podnikatelsk\u00e9 VUT v Brn\u011b. Letos 9. dubna 2025<\/li>\n\n\n\n<li class=\"has-black-color has-text-color has-link-color wp-elements-294999c05af9c1756d8937d9c86fa8a8\"><a href=\"https:\/\/karieraplus.vsb.cz\/cs\/\">Kari\u00e9ra+<\/a> &#8211; v are\u00e1lu V\u0160B. Ji\u017e 18. ro\u010dn\u00edk se uskute\u010dn\u00ed 11. b\u0159ezna 2025.<\/li>\n\n\n\n<li class=\"has-black-color has-text-color has-link-color wp-elements-9aa69d7ba698d8a3d49f81797b7935e3\"><a href=\"https:\/\/www.jobtuldays.cz\/\">JOB TUL DAYS<\/a> &#8211; po\u0159\u00e1d\u00e1 technick\u00e1 univerzita Liberec &#8211; 12. listopadu 2025<\/li>\n\n\n\n<li class=\"has-black-color has-text-color has-link-color wp-elements-c9b493ab90459449bdbf5feab417bc6a\"><a href=\"https:\/\/www.jobch.cz\/\">JobChallenge<\/a> &#8211; po\u0159\u00e1d\u00e1 Masarykova univerzita Brno &#8211; 5.listopadu 2025<\/li>\n\n\n\n<li class=\"has-black-color has-text-color has-link-color wp-elements-0b7e9cedde67b8f91fbd91e5351f1541\">ad. <\/li>\n<\/ul>\n\n\n\n<h2 class=\"wp-block-heading has-black-color has-text-color has-link-color wp-elements-0675f6a8954ccd2ea8e9425f6d3fd912\">\u0160koly, koleje<\/h2>\n\n\n\n<p class=\"has-black-color has-text-color has-link-color wp-elements-74eb645636dd9f54c2e4752032a4bc40\">Pokud hled\u00e1te pr\u00e1ci jako absolvent, p\u0159\u00edpadn\u011b st\u00e1\u017e nebo brig\u00e1du &#8211; mrkn\u011bte se i na n\u00e1st\u011bnku ve \u0161kole (v\u011bt\u0161inou b\u00fdv\u00e1 n\u011bkde u vstupu do budovy &#8211; plat\u00ed jak pro st\u0159edn\u00ed, tak vysok\u00e9 \u0161koly), stejn\u011b tak nap\u0159\u00edklad n\u00e1st\u011bnka na kolej\u00edch\/intern\u00e1tech.<\/p>\n\n\n\n<p class=\"has-black-color has-text-color has-link-color wp-elements-c8d11e9207d452ce65a6e38a7a996d72\">Pro vyhled\u00e1n\u00ed dal\u0161\u00edch, sta\u010d\u00ed zadat do vyhled\u00e1va\u010de kari\u00e9rn\u00ed veletrhy, kari\u00e9rn\u00ed dny, apod. <\/p>\n\n\n\n<p class=\"has-black-color has-text-color has-link-color wp-elements-d18a89a6bb7aa4344a241f7129c4f36b\">V\u011b\u0159\u00edm, \u017ee V\u00e1m tento v\u00fd\u010det mo\u017enost\u00ed pomohl. Dr\u017e\u00edm V\u00e1m palce, a\u0165 najdete pr\u00e1ci co V\u00e1s bude BAVIT!<\/p>","protected":false},"excerpt":{"rendered":"<p>Je v\u00edce mo\u017enost\u00ed jak se dozv\u011bd\u011bt o voln\u00e9m pracovn\u00edm m\u00edst\u011b. Prov\u00e1zala jsem odkazy na jednotliv\u00e9 mo\u017enosti, kter\u00fd V\u00e1s p\u0159epoj\u00ed na danou webovou str\u00e1nku. Pracovn\u00ed port\u00e1ly Pracovn\u00ed port\u00e1ly jsou nejen v \u010cesk\u00e9 republice velmi obl\u00edben\u00e9. Zam\u011bstnavatel zaplat\u00ed \u010d\u00e1stku (v\u011bt\u0161inou v \u0159\u00e1dech vy\u0161\u0161\u00edch stovek a\u017e n\u011bkolik tis\u00edc za ka\u017edou pozici) a po ur\u010ditou dobu je jeho inzer\u00e1t [&hellip;]<\/p>\n","protected":false},"author":2,"featured_media":0,"comment_status":"closed","ping_status":"open","sticky":false,"template":"","format":"standard","meta":{"_seopress_robots_primary_cat":"","_seopress_titles_title":"Kde hledat pr\u00e1ci - Pro V\u00e1\u0161 \u00fasp\u011b\u0161n\u00fd krok","_seopress_titles_desc":"Kde hledat a naj\u00edt pr\u00e1ci? Zn\u00e1te v\u0161echny mo\u017enosti? Pracovn\u00ed port\u00e1ly, soci\u00e1ln\u00ed s\u00edt\u011b, m\u00e9dia, webov\u00e9 str\u00e1nky, p\u0159\u00e1tel\u00e9, provozovny, kari\u00e9rn\u00ed veletrhy a dal\u0161\u00ed!","_seopress_robots_index":"","footnotes":""},"categories":[1],"tags":[],"class_list":["post-549","post","type-post","status-publish","format-standard","hentry","category-prace"],"_links":{"self":[{"href":"https:\/\/uspesnykrok.cz\/en\/wp-json\/wp\/v2\/posts\/549","targetHints":{"allow":["GET"]}}],"collection":[{"href":"https:\/\/uspesnykrok.cz\/en\/wp-json\/wp\/v2\/posts"}],"about":[{"href":"https:\/\/uspesnykrok.cz\/en\/wp-json\/wp\/v2\/types\/post"}],"author":[{"embeddable":true,"href":"https:\/\/uspesnykrok.cz\/en\/wp-json\/wp\/v2\/users\/2"}],"replies":[{"embeddable":true,"href":"https:\/\/uspesnykrok.cz\/en\/wp-json\/wp\/v2\/comments?post=549"}],"version-history":[{"count":5,"href":"https:\/\/uspesnykrok.cz\/en\/wp-json\/wp\/v2\/posts\/549\/revisions"}],"predecessor-version":[{"id":773,"href":"https:\/\/uspesnykrok.cz\/en\/wp-json\/wp\/v2\/posts\/549\/revisions\/773"}],"wp:attachment":[{"href":"https:\/\/uspesnykrok.cz\/en\/wp-json\/wp\/v2\/media?parent=549"}],"wp:term":[{"taxonomy":"category","embeddable":true,"href":"https:\/\/uspesnykrok.cz\/en\/wp-json\/wp\/v2\/categories?post=549"},{"taxonomy":"post_tag","embeddable":true,"href":"https:\/\/uspesnykrok.cz\/en\/wp-json\/wp\/v2\/tags?post=549"}],"curies":[{"name":"wp","href":"https:\/\/api.w.org\/{rel}","templated":true}]}}