{"id":514,"date":"2025-02-04T08:24:03","date_gmt":"2025-02-04T08:24:03","guid":{"rendered":"https:\/\/uspesnykrok.cz\/?p=514"},"modified":"2025-05-29T20:42:00","modified_gmt":"2025-05-29T20:42:00","slug":"spokojenost-zamestnancu-proc-nestaci-jen-vysoky-plat","status":"publish","type":"post","link":"https:\/\/uspesnykrok.cz\/en\/prace\/spokojenost-zamestnancu-proc-nestaci-jen-vysoky-plat\/","title":{"rendered":"Spokojenost zam\u011bstnanc\u016f: Pro\u010d nesta\u010d\u00ed jen vysok\u00e1 mzda?"},"content":{"rendered":"<p class=\"has-black-color has-cyan-bluish-gray-background-color has-text-color has-background has-link-color wp-elements-b6213f0a15beeb693a4d73e9e0342a68\">Mnoho zam\u011bstnavatel\u016f se domn\u00edv\u00e1, \u017ee nejv\u011bt\u0161\u00ed motivac\u00ed pro zam\u011bstnance je v\u00fd\u0161e mzdy. Samoz\u0159ejm\u011b, spravedliv\u00e9 finan\u010dn\u00ed ohodnocen\u00ed je kl\u00ed\u010dov\u00e9, ale skute\u010dn\u00e1 spokojenost a loajalita zam\u011bstnanc\u016f z\u00e1vis\u00ed na mnohem \u0161ir\u0161\u00edm spektru faktor\u016f. Co tedy hraje z\u00e1sadn\u00ed roli?<\/p>\n\n\n\n<hr class=\"wp-block-separator has-alpha-channel-opacity\"\/>\n\n\n\n<h1 class=\"wp-block-heading has-black-color has-text-color has-link-color wp-elements-cc48fcecdc3c41bcda20ced501c69ecc\">Pracovn\u00ed prost\u0159ed\u00ed<\/h1>\n\n\n<div class=\"wp-block-image\">\n<figure class=\"alignright size-full is-resized\"><img alt=\"\" loading=\"lazy\" decoding=\"async\" width=\"702\" height=\"705\" src=\"https:\/\/uspesnykrok.cz\/wp-content\/uploads\/2025\/02\/image.png\" class=\"wp-image-520\" style=\"width:183px;height:auto\" srcset=\"https:\/\/uspesnykrok.cz\/wp-content\/uploads\/2025\/02\/image.png 702w, https:\/\/uspesnykrok.cz\/wp-content\/uploads\/2025\/02\/image-300x300.png 300w, https:\/\/uspesnykrok.cz\/wp-content\/uploads\/2025\/02\/image-150x150.png 150w, https:\/\/uspesnykrok.cz\/wp-content\/uploads\/2025\/02\/image-100x100.png 100w\" sizes=\"auto, (max-width: 702px) 100vw, 702px\" \/><\/figure>\n<\/div>\n\n\n<p class=\"has-black-color has-text-color has-link-color wp-elements-42509c6a4f44e4c8e413c33e40e39bd3\">Modern\u00ed a ergonomick\u00e9 kancel\u00e1\u0159e, dostatek denn\u00edho sv\u011btla, rostliny, \u010derstv\u00fd vzduch, klidn\u00e1 z\u00f3na pro soust\u0159ed\u011bnou pr\u00e1ci nebo odpo\u010dinkov\u00e1 m\u00edstnost \u2013 to v\u0161e p\u0159isp\u00edv\u00e1 k tomu, aby se zam\u011bstnanci c\u00edtili dob\u0159e. Pracovn\u00ed prost\u0159ed\u00ed m\u00e1 p\u0159\u00edm\u00fd dopad na produktivitu i du\u0161evn\u00ed pohodu t\u00fdmu. Ob\u010das sta\u010d\u00ed opravdu m\u00e1lo, aby prost\u0159ed\u00ed p\u016fsobilo \u00fatuln\u011b, motiva\u010dn\u011b a pozitivn\u011b. Co chyb\u00ed V\u00e1m?<\/p>\n\n\n\n<h1 class=\"wp-block-heading has-black-color has-text-color has-link-color wp-elements-a44852c86be0ccf5d82173e48ef17930\">Flexibiln\u00ed pracovn\u00ed doba a home office<\/h1>\n\n\n\n<p class=\"has-black-color has-text-color has-link-color wp-elements-9e56f2e7bb077bc4a5834cda7d140f6c\">Mo\u017enost p\u0159izp\u016fsobit si pracovn\u00ed dobu &#8211; podle vlastn\u00edch pot\u0159eb nebo ob\u010das pracovat z domova &#8211; je dnes jedn\u00edm z nej\u017e\u00e1dan\u011bj\u0161\u00edch benefit\u016f. Flexibilita umo\u017e\u0148uje lep\u0161\u00ed slad\u011bn\u00ed pracovn\u00edho a osobn\u00edho \u017eivota, co\u017e sni\u017euje stres a zvy\u0161uje motivaci zam\u011bstnanc\u016f. Bohu\u017eel ne ka\u017ed\u00fd zam\u011bstnavatel vid\u00ed v pr\u00e1ci z domu p\u0159\u00ednos a tak st\u00e1le mnoho z nich vy\u017eaduje v\u00fdkon pr\u00e1ce pouze z kancel\u00e1\u0159e. Pr\u016fzkumy uk\u00e1zaly, \u017ee tam, kde si mohou zam\u011bstnanci vz\u00edt HO (home office) alespo\u0148 v p\u0159\u00edpad\u011b nemoci, nemoci d\u011bt\u00ed nebo kdy\u017e o\u010dek\u00e1vaj\u00ed n\u00e1v\u0161t\u011bvu oprav\u00e1\u0159e\/servisn\u00ed firmy, jsou mnohem spokojen\u011bj\u0161\u00ed a m\u00e9n\u011b \u010dasto uva\u017euj\u00ed o odchodu jinam.<\/p>\n\n\n\n<h1 class=\"wp-block-heading has-black-color has-text-color has-link-color wp-elements-0600678e956ba1cf9d65ffac11a48f76\">Motiva\u010dn\u00ed sout\u011b\u017ee a odm\u011bny<\/h1>\n\n\n\n<p class=\"has-black-color has-text-color has-link-color wp-elements-3c12630ff3e5c26b752bd63e0c0b8166\">Ka\u017ed\u00fd r\u00e1d vid\u00ed v\u00fdsledky sv\u00e9 pr\u00e1ce a pokud je ocen\u011bn\u00ed spojeno s motiva\u010dn\u00ed sout\u011b\u017e\u00ed nebo jinou formou uzn\u00e1n\u00ed, zam\u011bstnanci maj\u00ed v\u011bt\u0161\u00ed chu\u0165 se zapojit a pod\u00e1vat lep\u0161\u00ed v\u00fdkony. Nemus\u00ed j\u00edt jen o finan\u010dn\u00ed bonusy \u2013 skv\u011blou motivac\u00ed jsou i d\u00e1rkov\u00e9 poukazy, z\u00e1\u017eitkov\u00e9 odm\u011bny nebo voln\u00e9 dny nav\u00edc. Nejlep\u0161\u00ed na tom je, \u017ee v podstat\u011b se od zam\u011bstnance nechce nic jin\u00e9ho ne\u017e dob\u0159e a sv\u011bdomit\u011b odv\u00e1d\u011bt svoji pr\u00e1ci. <\/p>\n\n\n\n<h1 class=\"wp-block-heading has-black-color has-text-color has-link-color wp-elements-64c276330089136865e94f295ae1bf9d\">Firemn\u00ed eventy a teambuildingy<\/h1>\n\n\n<div class=\"wp-block-image\">\n<figure class=\"alignleft size-full is-resized\"><img alt=\"\" loading=\"lazy\" decoding=\"async\" width=\"708\" height=\"709\" src=\"https:\/\/uspesnykrok.cz\/wp-content\/uploads\/2025\/02\/image-1.png\" class=\"wp-image-521\" style=\"width:168px;height:auto\" srcset=\"https:\/\/uspesnykrok.cz\/wp-content\/uploads\/2025\/02\/image-1.png 708w, https:\/\/uspesnykrok.cz\/wp-content\/uploads\/2025\/02\/image-1-300x300.png 300w, https:\/\/uspesnykrok.cz\/wp-content\/uploads\/2025\/02\/image-1-150x150.png 150w, https:\/\/uspesnykrok.cz\/wp-content\/uploads\/2025\/02\/image-1-100x100.png 100w\" sizes=\"auto, (max-width: 708px) 100vw, 708px\" \/><\/figure>\n<\/div>\n\n\n<p class=\"has-black-color has-text-color has-link-color wp-elements-f628c01b1efd8c18fa910ff5dce1b88c\">Spole\u010dn\u00e9 z\u00e1\u017eitky posiluj\u00ed t\u00fdmov\u00e9ho ducha a vztahy mezi kolegy. Firemn\u00ed akce, sportovn\u00ed turnaje nebo t\u0159eba v\u00edkendov\u00e9 workshopy p\u0159isp\u00edvaj\u00ed k lep\u0161\u00ed komunikaci i spolupr\u00e1ci v t\u00fdmu. Zam\u011bstnanci, kte\u0159\u00ed se c\u00edt\u00ed jako sou\u010d\u00e1st funguj\u00edc\u00edho kolektivu, b\u00fdvaj\u00ed loaj\u00e1ln\u011bj\u0161\u00ed a anga\u017eovan\u011bj\u0161\u00ed. Opravdu nesta\u010d\u00ed jen v\u00e1no\u010dn\u00ed ve\u010d\u00edrek jednou ro\u010dn\u011b &#8211; na n\u011bm se daj\u00ed prom\u00edtat fotky z akc\u00ed za cel\u00fd rok a p\u0159ipomenout si nejzaj\u00edmav\u011bj\u0161\u00ed\/nejvtipn\u011bj\u0161\u00ed momenty a z\u00e1\u017eitky.<\/p>\n\n\n\n<h1 class=\"wp-block-heading has-black-color has-text-color has-link-color wp-elements-bbbebf32bac60ae4f481efe799976d84\">Kvalitn\u00ed kant\u00fdna nebo minimarket ve firm\u011b<\/h1>\n\n\n<div class=\"wp-block-image\">\n<figure class=\"alignright size-full is-resized\"><img alt=\"\" loading=\"lazy\" decoding=\"async\" width=\"350\" height=\"350\" src=\"https:\/\/uspesnykrok.cz\/wp-content\/uploads\/2025\/02\/image-2.png\" class=\"wp-image-522\" style=\"width:183px;height:auto\" srcset=\"https:\/\/uspesnykrok.cz\/wp-content\/uploads\/2025\/02\/image-2.png 350w, https:\/\/uspesnykrok.cz\/wp-content\/uploads\/2025\/02\/image-2-300x300.png 300w, https:\/\/uspesnykrok.cz\/wp-content\/uploads\/2025\/02\/image-2-150x150.png 150w, https:\/\/uspesnykrok.cz\/wp-content\/uploads\/2025\/02\/image-2-100x100.png 100w\" sizes=\"auto, (max-width: 350px) 100vw, 350px\" \/><\/figure>\n<\/div>\n\n\n<p class=\"has-black-color has-text-color has-link-color wp-elements-866f555d1151fa359a65c71fa7d02e95\">P\u0159\u00edstup ke zdrav\u00e9mu a kvalitn\u00edmu j\u00eddlu p\u0159\u00edmo na pracovi\u0161ti je velkou v\u00fdhodou. Zam\u011bstnanci nemus\u00ed slo\u017eit\u011b \u0159e\u0161it, kde si obstaraj\u00ed ob\u011bd nebo sva\u010dinu, a z\u00e1rove\u0148 mohou l\u00e9pe vyu\u017e\u00edt svou p\u0159est\u00e1vku k odpo\u010dinku a neform\u00e1ln\u00ed konverzaci s ostatn\u00edmi. Firemn\u00ed kant\u00fdna nebo minimarket s rozumn\u00fdmi cenami podporuj\u00ed nejen pohodu, ale i zdrav\u00fd \u017eivotn\u00ed styl. Jsou vhodn\u00e9 zejm\u00e9na tam, kde zam\u011bstnanci nemaj\u00ed v dojezdov\u00e9 vzd\u00e1lenosti v r\u00e1mci p\u0159est\u00e1vky restauraci s ob\u011bdov\u00fdm menu nebo obchod s potravinami. Nemus\u00ed nikam cestovat, v\u0161e je v r\u00e1mci firmy. I to zved\u00e1 spokojenost zam\u011bstnanc\u016f. <\/p>\n\n\n\n<h2 class=\"wp-block-heading has-black-color has-text-color has-link-color wp-elements-363d3ec2a91e2040a5368b44c43f8e20\"><strong>Pro\u010d investovat do spokojenosti zam\u011bstnanc\u016f?<\/strong><\/h2>\n\n\n\n<p class=\"has-black-color has-text-color has-link-color wp-elements-86b1b8d21095d17a26e463d3c567a64c\">Zam\u011bstnavatel\u00e9, kte\u0159\u00ed se zam\u011b\u0159uj\u00ed nejen na mzdy, ale tak\u00e9 na pracovn\u00ed prost\u0159ed\u00ed, benefity a firemn\u00ed kulturu, si buduj\u00ed loaj\u00e1ln\u00ed t\u00fdm lid\u00ed, kte\u0159\u00ed jsou motivovan\u00ed a spokojen\u00ed. To vede nejen k vy\u0161\u0161\u00ed produktivit\u011b, ale tak\u00e9 k ni\u017e\u0161\u00ed fluktuaci a lep\u0161\u00ed pov\u011bsti firmy na trhu pr\u00e1ce.<\/p>\n\n\n\n<h3 class=\"wp-block-heading has-black-color has-light-green-cyan-background-color has-text-color has-background has-link-color wp-elements-c5227d4ed4343448ed09b0c84f0f15fe\">Jak vylep\u0161ujete pracovn\u00ed prost\u0159ed\u00ed u V\u00e1s ve firm\u011b a co na to \u0159\u00edkaj\u00ed zam\u011bstnanci? <\/h3>\n\n\n\n<p class=\"has-black-color has-cyan-bluish-gray-background-color has-text-color has-background has-link-color wp-elements-f905efee197e8e31a5a9e35cd818ea43\">Pokud nev\u00edte &#8222;jak na to&#8220; u V\u00e1s ve firm\u011b, <a href=\"https:\/\/uspesnykrok.cz\/en\/kontakty\/\" data-type=\"page\" data-id=\"43\">ozv\u011bte se<\/a>. Pom\u016f\u017eu V\u00e1m zp\u0159\u00edjemnit pracovn\u00ed prost\u0159ed\u00ed nebo navrhnout zaj\u00edmav\u00e9 teambuildingov\u00e9 akce. <\/p>\n\n\n\n<p><\/p>","protected":false},"excerpt":{"rendered":"<p>Mnoho zam\u011bstnavatel\u016f se domn\u00edv\u00e1, \u017ee nejv\u011bt\u0161\u00ed motivac\u00ed pro zam\u011bstnance je v\u00fd\u0161e mzdy. Samoz\u0159ejm\u011b, spravedliv\u00e9 finan\u010dn\u00ed ohodnocen\u00ed je kl\u00ed\u010dov\u00e9, ale skute\u010dn\u00e1 spokojenost a loajalita zam\u011bstnanc\u016f z\u00e1vis\u00ed na mnohem \u0161ir\u0161\u00edm spektru faktor\u016f. Co tedy hraje z\u00e1sadn\u00ed roli? Pracovn\u00ed prost\u0159ed\u00ed Modern\u00ed a ergonomick\u00e9 kancel\u00e1\u0159e, dostatek denn\u00edho sv\u011btla, rostliny, \u010derstv\u00fd vzduch, klidn\u00e1 z\u00f3na pro soust\u0159ed\u011bnou pr\u00e1ci nebo odpo\u010dinkov\u00e1 m\u00edstnost [&hellip;]<\/p>\n","protected":false},"author":2,"featured_media":0,"comment_status":"closed","ping_status":"open","sticky":false,"template":"","format":"standard","meta":{"_seopress_robots_primary_cat":"","_seopress_titles_title":"Spokojenost zam\u011bstnanc\u016f - pro\u010d nesta\u010d\u00ed jen vysok\u00e1 mzda?","_seopress_titles_desc":"Chcete sn\u00ed\u017eit fluktuaci a zv\u00fd\u0161it anga\u017eovanost t\u00fdmu? Nab\u00eddn\u011bte zam\u011bstnanc\u016fm v\u00edc ne\u017e jen dobr\u00fd plat \u2013 p\u0159e\u010dt\u011bte si, co je skute\u010dn\u011b motivuje.","_seopress_robots_index":"","footnotes":""},"categories":[1],"tags":[],"class_list":["post-514","post","type-post","status-publish","format-standard","hentry","category-prace"],"_links":{"self":[{"href":"https:\/\/uspesnykrok.cz\/en\/wp-json\/wp\/v2\/posts\/514","targetHints":{"allow":["GET"]}}],"collection":[{"href":"https:\/\/uspesnykrok.cz\/en\/wp-json\/wp\/v2\/posts"}],"about":[{"href":"https:\/\/uspesnykrok.cz\/en\/wp-json\/wp\/v2\/types\/post"}],"author":[{"embeddable":true,"href":"https:\/\/uspesnykrok.cz\/en\/wp-json\/wp\/v2\/users\/2"}],"replies":[{"embeddable":true,"href":"https:\/\/uspesnykrok.cz\/en\/wp-json\/wp\/v2\/comments?post=514"}],"version-history":[{"count":6,"href":"https:\/\/uspesnykrok.cz\/en\/wp-json\/wp\/v2\/posts\/514\/revisions"}],"predecessor-version":[{"id":526,"href":"https:\/\/uspesnykrok.cz\/en\/wp-json\/wp\/v2\/posts\/514\/revisions\/526"}],"wp:attachment":[{"href":"https:\/\/uspesnykrok.cz\/en\/wp-json\/wp\/v2\/media?parent=514"}],"wp:term":[{"taxonomy":"category","embeddable":true,"href":"https:\/\/uspesnykrok.cz\/en\/wp-json\/wp\/v2\/categories?post=514"},{"taxonomy":"post_tag","embeddable":true,"href":"https:\/\/uspesnykrok.cz\/en\/wp-json\/wp\/v2\/tags?post=514"}],"curies":[{"name":"wp","href":"https:\/\/api.w.org\/{rel}","templated":true}]}}