{"id":444,"date":"2025-01-15T09:32:11","date_gmt":"2025-01-15T09:32:11","guid":{"rendered":"https:\/\/uspesnykrok.cz\/?p=444"},"modified":"2026-02-05T15:16:27","modified_gmt":"2026-02-05T15:16:27","slug":"koncite-v-praci-co-si-pohlidat","status":"publish","type":"post","link":"https:\/\/uspesnykrok.cz\/en\/prace\/koncite-v-praci-co-si-pohlidat\/","title":{"rendered":"Kon\u010d\u00edte v pr\u00e1ci? Co si pohl\u00eddat p\u0159i v\u00fdpov\u011bdi ze strany zam\u011bstnance"},"content":{"rendered":"<h2 class=\"wp-block-heading\">Pokud jste se z jak\u00e9hokoliv d\u016fvodu rozhodli opustit zam\u011bstn\u00e1n\u00ed, je d\u016fle\u017eit\u00e9:<\/h2>\n\n\n\n<ul class=\"wp-block-list\">\n<li class=\"has-black-color has-text-color has-link-color wp-elements-8d00f534eea8ca9d229e47367fda68ca\">Podat <strong>v\u00fdpov\u011b\u010f <\/strong>&#8211; v\u017edy p\u00edsemnou formou, <em>vzor n\u00ed\u017ee.<\/em> \u00dastn\u00ed formou, by\u0165 by ozn\u00e1men\u00ed bylo vy\u0159\u010deno p\u0159ed p\u0159\u00edm\u00fdm nad\u0159\u00edzen\u00fdm &#8211; je neplatn\u00e9.<\/li>\n\n\n\n<li class=\"has-black-color has-text-color has-link-color wp-elements-db06190b4164e0065e0d58098cc8c039\"><strong>Posledn\u00ed den vr\u00e1tit v\u0161echny v\u011bci <\/strong>(\u010dasto notebook, mobiln\u00ed telefon, SIM karta, ..) <strong>a nechat si potvrdit v\u00fdstupn\u00ed list<\/strong> (potvrzen\u00ed, \u017ee jsou mezi V\u00e1mi a zam\u011bstnavatelem v\u0161echny z\u00e1vazky vyrovn\u00e1ny)<\/li>\n\n\n\n<li class=\"has-black-color has-text-color has-link-color wp-elements-60f7cc8742141842bd14494db34e0e3e\">Z\u00edskat v\u0161echny <strong>pot\u0159ebn\u00e9 dokumenty<\/strong> od zam\u011bstnavatele, jsou to:<\/li>\n<\/ul>\n\n\n\n<ul class=\"wp-block-list\">\n<li class=\"has-black-color has-light-green-cyan-background-color has-text-color has-background has-link-color wp-elements-aba5ff2448c3860330ed4ed870a35c40\"><strong>z\u00e1po\u010dtov\u00fd list<\/strong> (dokument pot\u0159ebn\u00fd pro n\u00e1stup do nov\u00e9ho zam\u011bstn\u00e1n\u00ed)<\/li>\n\n\n\n<li class=\"has-black-color has-light-green-cyan-background-color has-text-color has-background has-link-color wp-elements-b4e7e2cd843910e3308327986088bf55\"><strong>potvrzen\u00ed zam\u011bstnavatele pro \u00fa\u010dely posouzen\u00ed n\u00e1roku na podporu v nezam\u011bstnanosti <\/strong>(pokud se hl\u00e1s\u00edte na \u00daP)<\/li>\n\n\n\n<li class=\"has-black-color has-light-green-cyan-background-color has-text-color has-background has-link-color wp-elements-df28473793f898f2d3107f989589f499\"><strong>eviden\u010dn\u00ed list d\u016fchodov\u00e9ho poji\u0161t\u011bn\u00ed<\/strong><\/li>\n\n\n\n<li class=\"has-black-color has-light-green-cyan-background-color has-text-color has-background has-link-color wp-elements-e864aeddd88872287827be0dca875dcd\"><strong>potvrzen\u00ed o zdaniteln\u00fdch p\u0159\u00edjmech ze z\u00e1visl\u00e9 \u010dinnosti<\/strong> (pro da\u0148ov\u00e9 \u00fa\u010dely)<\/li>\n<\/ul>\n\n\n\n<p class=\"has-black-color has-cyan-bluish-gray-background-color has-text-color has-background has-link-color wp-elements-7cb3e5423037ea916dd308928c6895ff\">Od 1.6.2025 doch\u00e1z\u00ed ke zm\u011bn\u011b u V\u00fdpov\u011bdi &#8211; ze strany zam\u011bstnance i zam\u011bstnavatele. U v\u00fdpov\u011bdi podan\u00e9 2.6.2025, bude pracovn\u00ed pom\u011br ukon\u010den 2.8.2025. Pokud stejn\u00e9 datum v dan\u00e9m m\u011bs\u00edci nen\u00ed &#8211; nap\u0159\u00edklad u v\u00fdpov\u011bdi podan\u00e9 31.7.2025, bude pracovn\u00ed pom\u011br ukon\u010den 30.9.2025. <\/p>\n\n\n\n<p class=\"has-black-color has-pale-cyan-blue-background-color has-text-color has-background has-link-color wp-elements-002c6541df902e0db1e1de7ae497f889\"><strong>N\u00ed\u017ee vzor v\u00fdpov\u011bdi (platn\u00e9 od 1.6.2025). Sta\u010d\u00ed dvakr\u00e1t vytisknout a dopsat (klidn\u011b propiskou). Jednu podepsanou kopii si ponechte.<\/strong><\/p>\n\n\n\n<p class=\"has-black-color has-text-color has-link-color wp-elements-c225992e7d640bc61bcd74ad1c0f2130\">L\u00edb\u00ed se V\u00e1m co d\u011bl\u00e1m? Hod\u00ed se V\u00e1m vzor v\u00fdpov\u011bdi? Pou\u017eijte QR k\u00f3d a p\u0159isp\u011bjte na provoz webu. <\/p>\n\n\n\n<div data-wp-interactive=\"core\/file\" class=\"wp-block-file\"><object data-wp-bind--hidden=\"!state.hasPdfPreview\" hidden class=\"wp-block-file__embed\" data=\"https:\/\/uspesnykrok.cz\/wp-content\/uploads\/2025\/01\/Vzor-vypovedi-ze-strany-zamestnance-od-1.6.2025-1.pdf\" type=\"application\/pdf\" style=\"width:100%;height:600px\" aria-label=\"Embed of Vzor v\u00fdpov\u011bdi ze strany zam\u011bstnance od 1.6.2025.\"><\/object><a id=\"wp-block-file--media-0582fd41-b819-4536-afad-d0246f4c6cb7\" href=\"https:\/\/uspesnykrok.cz\/wp-content\/uploads\/2025\/01\/Vzor-vypovedi-ze-strany-zamestnance-od-1.6.2025-1.pdf\">Vzor v\u00fdpov\u011bdi ze strany zam\u011bstnance od 1.6.2025<\/a><a href=\"https:\/\/uspesnykrok.cz\/wp-content\/uploads\/2025\/01\/Vzor-vypovedi-ze-strany-zamestnance-od-1.6.2025-1.pdf\" class=\"wp-block-file__button wp-element-button\" download aria-describedby=\"wp-block-file--media-0582fd41-b819-4536-afad-d0246f4c6cb7\">St\u00e1hnout<\/a><\/div>\n\n\n\n<p class=\"has-black-color has-vivid-green-cyan-background-color has-text-color has-background has-link-color wp-elements-8e37ff3809737131bb43be4afa97538c\">A kam d\u00e1l? Pokud se chyst\u00e1te na pohovor &#8211; m\u00e1m pro V\u00e1s k dispozici e-book &#8211; <strong><a href=\"https:\/\/uspesnykrok.cz\/en\/e-booky\/\" data-type=\"page\" data-id=\"83\">HERE<\/a><\/strong> , kde najdete nej\u010dast\u011bj\u0161\u00ed ot\u00e1zky personalist\u016f a jak na n\u011b, co nepodcenit, jak se p\u0159ipravit a &#8222;dob\u0159e se prodat&#8220;. Jste m\u00e1ma na mate\u0159sk\u00e9 a do p\u016fvodn\u00ed pr\u00e1ce se nechcete vracet? I pro V\u00e1s m\u00e1m &#8222;n\u00e1vod&#8220; v podob\u011b e-booku <strong><a href=\"https:\/\/uspesnykrok.cz\/en\/e-booky\/\" data-type=\"page\" data-id=\"83\">HERE<\/a>.<\/strong><\/p>\n\n\n\n<h2 class=\"wp-block-heading\">Nej\u010dast\u011bj\u0161\u00ed ot\u00e1zky<\/h2>\n\n\n\n<ul class=\"wp-block-list\">\n<li class=\"has-black-color has-text-color has-link-color wp-elements-47d15a2308bbe2f76e506bdaf10a7166\"><strong>Prodlou\u017e\u00ed se mi v\u00fdpov\u011bdn\u00ed lh\u016fta, pokud v n\u00ed budu \u010derpat nemocenskou?<\/strong> Pokud podal v\u00fdpov\u011b\u010f zam\u011bstnanec, tak ne. <\/li>\n\n\n\n<li class=\"has-black-color has-text-color has-link-color wp-elements-35a1ccbde04fcb7c3b4afccc3fda131d\"><strong>Prodlou\u017e\u00ed se mi smlouva, pokud m\u00e1m smlouvu na dobu ur\u010ditou a budu p\u0159es datum ukon\u010den\u00ed \u010derpat nemocenskou? <\/strong>Ne, pracovn\u00ed smlouva bude ukon\u010dena dnem sjednan\u00fdm ve smlouv\u011b. <\/li>\n\n\n\n<li class=\"has-black-color has-text-color has-link-color wp-elements-d405af3819bf6889bba77f30e4346d05\"><strong>Lze ukon\u010dit pracovn\u00ed pom\u011br dohodou p\u0159i pracovn\u00ed neschopnosti?<\/strong> Ano. <\/li>\n\n\n\n<li class=\"has-black-color has-text-color has-link-color wp-elements-bf909c27383669104fe2e1d4c09de993\"><strong>M\u016f\u017eu dostat od zam\u011bstnavatele v\u00fdpov\u011b\u010f, kdy\u017e budu na nemocensk\u00e9 (v pracovn\u00ed neschopnosti) ve zku\u0161ebn\u00ed dob\u011b? <\/strong>Ne b\u011bhem prvn\u00edch 14 dn\u016f nemoci. <\/li>\n\n\n\n<li class=\"has-black-color has-text-color has-link-color wp-elements-d0109731e866d0fc71a0a14986553bb9\"><strong>Co kdy\u017e jsem t\u011bhotn\u00e1?<\/strong> Pokud jste ot\u011bhotn\u011bla p\u0159ed datem, kdy jste od zam\u011bstnavatele v\u00fdpov\u011b\u010f dostala, byla by takov\u00e1 v\u00fdpov\u011b\u010f neplatn\u00e1.&nbsp;Z\u00e1konem je zak\u00e1z\u00e1no ukon\u010dit pracovn\u00ed pom\u011br s&nbsp;t\u011bhotnou zam\u011bstnankyn\u00ed. Pokud je Va\u0161im l\u00e9ka\u0159em stanoveno datum ot\u011bhotn\u011bn\u00ed jako datum v pr\u016fb\u011bhu v\u00fdpov\u011bdn\u00ed lh\u016fty, pak se v\u00fdpov\u011bdn\u00ed doba prodlu\u017euje o dobu t\u011bhotenstv\u00ed, mate\u0159skou dovolenou i rodi\u010dovskou dovolenou. Pozor, pracovn\u00ed pom\u011br sjednan\u00fd na dobu ur\u010ditou zanikne dnem sjednan\u00fdm v pracovn\u00ed smlouv\u011b.<\/li>\n\n\n\n<li class=\"has-black-color has-text-color has-link-color wp-elements-a808ea84cd1a1abd4adff3c9fef0bc59\"><strong>Kdy\u017e pod\u00e1 zam\u011bstnanec v\u00fdpov\u011b\u010f, m\u00e1 n\u00e1rok na odstupn\u00e9?<\/strong> Ne. P\u0159i v\u00fdpov\u011bdi ze strany zam\u011bstnance n\u00e1rok na odstupn\u00e9 nen\u00e1le\u017e\u00ed.<\/li>\n<\/ul>\n\n\n\n<p>M\u00e1te jin\u00e9 dotazy k ukon\u010den\u00ed pracovn\u00edho pom\u011bru? <a href=\"http:\/\/uspesnykrok.cz\/en\/kontakty\/\">Napi\u0161te. <\/a><\/p>","protected":false},"excerpt":{"rendered":"<p>Pokud jste se z jak\u00e9hokoliv d\u016fvodu rozhodli opustit zam\u011bstn\u00e1n\u00ed, je d\u016fle\u017eit\u00e9: Od 1.6.2025 doch\u00e1z\u00ed ke zm\u011bn\u011b u V\u00fdpov\u011bdi &#8211; ze strany zam\u011bstnance i zam\u011bstnavatele. U v\u00fdpov\u011bdi podan\u00e9 2.6.2025, bude pracovn\u00ed pom\u011br ukon\u010den 2.8.2025. Pokud stejn\u00e9 datum v dan\u00e9m m\u011bs\u00edci nen\u00ed &#8211; nap\u0159\u00edklad u v\u00fdpov\u011bdi podan\u00e9 31.7.2025, bude pracovn\u00ed pom\u011br ukon\u010den 30.9.2025. N\u00ed\u017ee vzor v\u00fdpov\u011bdi (platn\u00e9 [&hellip;]<\/p>\n","protected":false},"author":2,"featured_media":0,"comment_status":"closed","ping_status":"open","sticky":false,"template":"","format":"standard","meta":{"_seopress_robots_primary_cat":"","_seopress_titles_title":"","_seopress_titles_desc":"V\u00fdpov\u011b\u010f ze strany zam\u011bstnance - vzor zdarma. Dokumenty p\u0159i odchodu ze zam\u011bstn\u00e1n\u00ed. Co si pohl\u00eddat p\u0159i ukon\u010den\u00ed pracovn\u00edho pom\u011bru.","_seopress_robots_index":"","footnotes":""},"categories":[1],"tags":[],"class_list":["post-444","post","type-post","status-publish","format-standard","hentry","category-prace"],"_links":{"self":[{"href":"https:\/\/uspesnykrok.cz\/en\/wp-json\/wp\/v2\/posts\/444","targetHints":{"allow":["GET"]}}],"collection":[{"href":"https:\/\/uspesnykrok.cz\/en\/wp-json\/wp\/v2\/posts"}],"about":[{"href":"https:\/\/uspesnykrok.cz\/en\/wp-json\/wp\/v2\/types\/post"}],"author":[{"embeddable":true,"href":"https:\/\/uspesnykrok.cz\/en\/wp-json\/wp\/v2\/users\/2"}],"replies":[{"embeddable":true,"href":"https:\/\/uspesnykrok.cz\/en\/wp-json\/wp\/v2\/comments?post=444"}],"version-history":[{"count":10,"href":"https:\/\/uspesnykrok.cz\/en\/wp-json\/wp\/v2\/posts\/444\/revisions"}],"predecessor-version":[{"id":937,"href":"https:\/\/uspesnykrok.cz\/en\/wp-json\/wp\/v2\/posts\/444\/revisions\/937"}],"wp:attachment":[{"href":"https:\/\/uspesnykrok.cz\/en\/wp-json\/wp\/v2\/media?parent=444"}],"wp:term":[{"taxonomy":"category","embeddable":true,"href":"https:\/\/uspesnykrok.cz\/en\/wp-json\/wp\/v2\/categories?post=444"},{"taxonomy":"post_tag","embeddable":true,"href":"https:\/\/uspesnykrok.cz\/en\/wp-json\/wp\/v2\/tags?post=444"}],"curies":[{"name":"wp","href":"https:\/\/api.w.org\/{rel}","templated":true}]}}