{"id":372,"date":"2025-01-08T19:00:16","date_gmt":"2025-01-08T19:00:16","guid":{"rendered":"https:\/\/uspesnykrok.cz\/?p=372"},"modified":"2025-05-29T20:42:25","modified_gmt":"2025-05-29T20:42:25","slug":"rekvalifikace-kvalifikace-pri-zamestnani","status":"publish","type":"post","link":"https:\/\/uspesnykrok.cz\/en\/prace\/rekvalifikace-kvalifikace-pri-zamestnani\/","title":{"rendered":"Rekvalifikace\/kvalifikace hrazen\u00e1 p\u0159es \u00daP"},"content":{"rendered":"<p class=\"has-black-color has-light-green-cyan-background-color has-text-color has-background has-link-color wp-elements-b78238ba9a82138e773e9bab7db66ea8\">V\u011bd\u011bli jste, \u017ee m\u016f\u017eete vyu\u017e\u00edt hrazenou kvalifikaci p\u0159es \u00da\u0159ad pr\u00e1ce i kdy\u017e jste zam\u011bstnan\u00ed nebo jste \u017eivnostn\u00edk p\u0159\u00edpadn\u011b na rodi\u010dovsk\u00e9 dovolen\u00e9? Poj\u010fme si vysv\u011btlit jak na to. <\/p>\n\n\n\n<p class=\"has-black-color has-text-color has-link-color wp-elements-f28a4bb14c445874e0c92a73042d1052\">Na za\u010d\u00e1tku si ujasn\u00edme pojmy: <\/p>\n\n\n\n<p class=\"has-black-color has-text-color has-link-color wp-elements-096f3dce733e3ccca575863179e61b34\"><strong>\u00daP<\/strong> &#8211; \u00fa\u0159ad pr\u00e1ce<\/p>\n\n\n\n<p class=\"has-black-color has-text-color has-link-color wp-elements-39078d281b9df7ab6b6eba87a3c5611c\"><strong>UCHAZE\u010c o zam\u011bstn\u00e1n\u00ed &#8211;<\/strong> osoba, kter\u00e1 je vedena v evidenci pr\u00e1ce jako nezam\u011bstnan\u00e1 s c\u00edlem z\u00edskat pracovn\u00ed m\u00edsto.<\/p>\n\n\n\n<p class=\"has-black-color has-text-color has-link-color wp-elements-2858e6d78e8044c82364c3ec34972752\"><strong>Z\u00c1JEMCE o zam\u011bstn\u00e1n\u00ed &#8211;<\/strong> osoba, kter\u00e1 je v zam\u011bstnaneck\u00e9m pom\u011bru\/pracuje na I\u010cO\/\u010derp\u00e1 rodi\u010dovskou dovolenou a tak\u00e9 se zaregistruje na \u00daP a to za \u00fa\u010delem zv\u00fd\u0161en\u00ed kvalifikace p\u0159\u00edpadn\u011b rekvalifikace. P\u0159i v\u00fdb\u011bru kurzu online lze rovnou za\u0161krtnout, \u017ee chcete b\u00fdt vedeni jako z\u00e1jemce o zam\u011bstn\u00e1n\u00ed pouze po dobu kurzu. <\/p>\n\n\n\n<p class=\"has-black-color has-text-color has-link-color wp-elements-78ed464215d87111ba6d72535e4b3170\"><strong>Od 1.1.2025 se m\u016f\u017eete p\u0159ihl\u00e1sit na \u00daP online. <\/strong><\/p>\n\n\n\n<p class=\"has-black-color has-text-color has-link-color wp-elements-17bd6233f8930c4a6912796f2ed8f8dd\">Nab\u00eddku kurz\u016f najdete na str\u00e1nce MPSV: <a href=\"https:\/\/www.mpsv.cz\/web\/cz\/jsem-v-kurzu\">https:\/\/www.mpsv.cz\/web\/cz\/jsem-v-kurzu<\/a><\/p>\n\n\n\n<p class=\"has-black-color has-cyan-bluish-gray-background-color has-text-color has-background has-link-color wp-elements-061c8e41cb8b433dece33edd4adc3347\">M\u00e1te &#8222;n\u00e1rok&#8220; na \u010d\u00e1stku 50.000 K\u010d na dobu 3 let a to u <strong>Zvolen\u00e9 rekvalifikace<\/strong> a na stejnou \u010d\u00e1stku na stejn\u011b dlouh\u00e9 obdob\u00ed u <strong>Kurz\u016f digit\u00e1ln\u00edho vzd\u011bl\u00e1v\u00e1n\u00ed<\/strong>. To znamen\u00e1 &#8211; v p\u0159\u00edpad\u011b, \u017ee si vyberete kurz nap\u0159\u00edklad za 15.000 K\u010d, st\u00e1le V\u00e1m zb\u00fdv\u00e1 35.000 K\u010d na dal\u0161\u00ed p\u0159\u00edpadn\u00e9 kurzy. Stejn\u011b tak u zvolen\u00fdch rekvalifikac\u00ed. Po 3 letech od prvn\u00edho \u010derp\u00e1n\u00ed se V\u00e1m \u010d\u00e1stka 50.000 K\u010d op\u011bt obnov\u00ed. <\/p>\n\n\n\n<p class=\"has-black-color has-text-color has-link-color wp-elements-7de432c6c4bea58eb2ae5720de1d0d06\">Zabezpe\u010den\u00fdch rekvalifikac\u00ed se tato \u010d\u00e1stka net\u00fdk\u00e1.<\/p>\n\n\n\n<p class=\"has-black-color has-text-color has-link-color wp-elements-41ef42c97af9eb6d4ab079814c6e2889\">Z jak\u00fdch kategori\u00ed se d\u00e1 vyb\u00edrat? V podstat\u011b ze v\u0161eho, co V\u00e1s napadne (a samoz\u0159ejm\u011b na co existuje kurz..):<\/p>\n\n\n<div class=\"wp-block-image\">\n<figure class=\"aligncenter size-full is-resized\"><img alt=\"\" loading=\"lazy\" decoding=\"async\" width=\"1195\" height=\"524\" src=\"https:\/\/uspesnykrok.cz\/wp-content\/uploads\/2025\/01\/Snimek-obrazovky-2025-01-08-190744.png\" class=\"wp-image-373\" style=\"width:924px;height:auto\" srcset=\"https:\/\/uspesnykrok.cz\/wp-content\/uploads\/2025\/01\/Snimek-obrazovky-2025-01-08-190744.png 1195w, https:\/\/uspesnykrok.cz\/wp-content\/uploads\/2025\/01\/Snimek-obrazovky-2025-01-08-190744-300x132.png 300w, https:\/\/uspesnykrok.cz\/wp-content\/uploads\/2025\/01\/Snimek-obrazovky-2025-01-08-190744-1024x449.png 1024w, https:\/\/uspesnykrok.cz\/wp-content\/uploads\/2025\/01\/Snimek-obrazovky-2025-01-08-190744-768x337.png 768w\" sizes=\"auto, (max-width: 1195px) 100vw, 1195px\" \/><figcaption class=\"wp-element-caption\">Kategorie kurz\u016f, ze kter\u00fdch je mo\u017en\u00e9 vyb\u00edrat. Zdroj: <a href=\"https:\/\/www.uradprace.cz\/nabidka-rekvalifikaci-a-vzdelavacich-kurzu\">uradprace.cz<\/a><\/figcaption><\/figure>\n<\/div>\n\n\n<h2 class=\"wp-block-heading\">Kurzy digit\u00e1ln\u00edho vzd\u011bl\u00e1v\u00e1n\u00ed<\/h2>\n\n\n\n<ul class=\"wp-block-list\">\n<li class=\"has-black-color has-text-color has-link-color wp-elements-ebbd203dde510fb093f1bc4bb07c47d4\">Spolu\u00fa\u010dast na \u00fahrad\u011b z Va\u0161\u00ed strany ve v\u00fd\u0161i minim\u00e1ln\u011b 18% z ceny kurzu.<\/li>\n\n\n\n<li class=\"has-black-color has-text-color has-link-color wp-elements-d74638f4b6190afbde52862f3f0d0719\">Naprost\u00e1 v\u011bt\u0161ina je schv\u00e1lena.<\/li>\n\n\n\n<li class=\"has-black-color has-text-color has-link-color wp-elements-0c330736d0b22d246049f97869601509\">V\u0161e lze za\u0159\u00eddit online.<\/li>\n\n\n\n<li>Nesm\u00ed b\u00fdt krat\u0161\u00ed ne\u017e 16 hodin v\u00fduky.<\/li>\n\n\n\n<li>Nen\u00ed omezeno v\u011bkem &#8211; pokud i jako z\u00e1stupce &#8222;star\u0161\u00ed generace&#8220; chcete dr\u017eet krok s digit\u00e1ln\u00edmi trendy &#8211; nev\u00e1hejte! <\/li>\n<\/ul>\n\n\n\n<h2 class=\"wp-block-heading\">Zvolen\u00e1 rekvalifikace<\/h2>\n\n\n\n<ul class=\"wp-block-list\">\n<li class=\"has-black-color has-text-color has-link-color wp-elements-21357ffe018ed3f0e1cd80c7e6467519\">Zcela hrazeno \u00daP.<\/li>\n\n\n\n<li class=\"has-black-color has-text-color has-link-color wp-elements-c7eab95ed216827432498cbe008a56d9\">Nemus\u00ed b\u00fdt v\u017edy schv\u00e1lena. <\/li>\n\n\n\n<li class=\"has-black-color has-text-color has-link-color wp-elements-9d0d6dbb1f11168086e8305ee936ad46\">D\u016fle\u017eit\u00e9 je vhodn\u011b od\u016fvodnit, pro\u010d by V\u00e1m m\u011bl \u00daP tuto rekvalifikaci zaplatit. Nezapome\u0148te uv\u00e9st, jak moc V\u00e1s to kari\u00e9rn\u011b posune a jak t\u00edm zv\u00fd\u0161\u00edte svou cenu na trhu pr\u00e1ce. Pokud jste uchaze\u010dem o zam\u011bstn\u00e1n\u00ed &#8211; jak V\u00e1m to pom\u016f\u017ee p\u0159i hled\u00e1n\u00ed pr\u00e1ce, proto\u017ee zrovna po t\u00e9to profesi je popt\u00e1vka a m\u00e1te pro to nejlep\u0161\u00ed p\u0159edpoklady nebo m\u016f\u017eete v tomto oboru po \u00fasp\u011b\u0161n\u00e9m ukon\u010den\u00ed kurzu za\u010d\u00edt bez obav podnikat. V p\u0159\u00edpad\u011b, \u017ee se ve Va\u0161\u00ed lokalit\u011b hl\u00e1s\u00ed v\u011bt\u0161ina lid\u00ed ke stejn\u00e9mu typu kurzu: nap\u0159\u00edklad vloni to byl &#8222;Kou\u010d&#8220;, &#8222;Ch\u016fva&#8220;, apod. nemus\u00ed V\u00e1m \u00daP rekvalifikaci schv\u00e1lit. Pokud v\u00e1h\u00e1te zavolejte na sp\u00e1dov\u00fd \u00daP a zeptejte se. <\/li>\n\n\n\n<li class=\"has-black-color has-text-color has-link-color wp-elements-0f37f6fd59b8b07ecfa95b4294a2de02\">Vyb\u00edrejte pe\u010dliv\u011b, kurz m\u016f\u017ee prob\u011bhnout online, ale zkou\u0161ka b\u00fdv\u00e1 prezen\u010dn\u00ed &#8211; tak a\u0165 nemus\u00edte cestovat stovky kilometr\u016f..<\/li>\n<\/ul>\n\n\n\n<h2 class=\"wp-block-heading\">Nej\u010dast\u011bj\u0161\u00ed dotazy<\/h2>\n\n\n\n<ol class=\"wp-block-list\">\n<li class=\"has-black-color has-text-color has-link-color wp-elements-879605345d49aa6dd05066c3f89fb097\"><strong>Co kdy\u017e v pr\u016fb\u011bhu kurzu, kter\u00fd jsem za\u010dal\/-a jako uchaze\u010d o zam\u011bstn\u00e1n\u00ed zam\u011bstn\u00e1n\u00ed z\u00edsk\u00e1m? Budu si muset kurz uhradit?<\/strong> Ne, to v \u017e\u00e1dn\u00e9m p\u0159\u00edpad\u011b! Nahl\u00e1s\u00edte tuto skute\u010dnost na \u00daP a ode dne zam\u011bstn\u00e1n\u00ed budete vedeni jako Z\u00c1JEMCE o zam\u011bstn\u00e1n\u00ed. <\/li>\n\n\n\n<li class=\"has-black-color has-text-color has-link-color wp-elements-02aec64922cce735af19d2051dfda055\"><strong>Nem\u00e1m \u010das chodit na \u00daP, m\u016f\u017eu tam n\u011bkoho poslat?<\/strong> Nen\u00ed t\u0159eba, od 1.1.2025 se lze na \u00daP registrovat online. \u017d\u00e1dosti o rekvalifika\u010dn\u00ed kurz\/kurz digit\u00e1ln\u00edho vzd\u011bl\u00e1v\u00e1n\u00ed lze tak\u00e9 vy\u0159\u00eddit online.<\/li>\n\n\n\n<li class=\"has-black-color has-text-color has-link-color wp-elements-1269d2ba2f697fa37af542667061e629\"><strong>Mus\u00ed b\u00fdt vybran\u00fd kurz pouze prezen\u010dn\u011b? <\/strong>Kurzy mohou prob\u00edhat prezen\u010dn\u011b u vzd\u011blavatele, online nebo kombinac\u00ed t\u011bchto forem.<\/li>\n\n\n\n<li class=\"has-black-color has-text-color has-link-color wp-elements-f47d966763e197014f2edd214e011432\"><strong>Co kdy\u017e neud\u011bl\u00e1m zkou\u0161ku na konci rekvalifika\u010dn\u00edho kurzu?<\/strong> Na to pozor, pokud ani opakovan\u011b neud\u011bl\u00e1te zkou\u0161ku na konci rekvalifika\u010dn\u00edho kurzu, uhrad\u00edte SAMI celou \u010d\u00e1stku kurzovn\u00e9ho. <\/li>\n\n\n\n<li class=\"has-black-color has-text-color has-link-color wp-elements-20d6606def34f89c9eabf04e52db207b\"><strong>Na jakou pobo\u010dku \u00fa\u0159adu pr\u00e1ce m\u00e1m p\u0159ihl\u00e1\u0161ku zaslat?<\/strong> Pokud jste ji\u017e vedeni jako z\u00e1jemce\/uchaze\u010d, ode\u0161le se automaticky na Va\u0161e kontaktn\u00ed m\u00edsto. Pokud nejste, vyberte \u00daP nejbl\u00ed\u017ee m\u00edstu, ze kter\u00e9ho budete na kurz doj\u00ed\u017ed\u011bt. Nemus\u00ed to b\u00fdt tedy podle trval\u00e9ho bydli\u0161t\u011b.  <\/li>\n<\/ol>\n\n\n\n<p class=\"has-black-color has-light-green-cyan-background-color has-text-color has-background has-link-color wp-elements-c07388e4d90d6668d0563c87c516b750\">V p\u0159\u00edpad\u011b dal\u0161\u00edch dotaz\u016f ohledn\u011b rekvalifikac\u00ed a kurz\u016f hrazen\u00fdch \u00daP nav\u0161tivte p\u0159\u00edmo str\u00e1nku <a href=\"https:\/\/www.mpsv.cz\/web\/cz\/jsem-v-kurzu\">MPSV<\/a>, obra\u0165te se na \u00daP a nebo mi napi\u0161te. <\/p>","protected":false},"excerpt":{"rendered":"<p>V\u011bd\u011bli jste, \u017ee m\u016f\u017eete vyu\u017e\u00edt hrazenou kvalifikaci p\u0159es \u00da\u0159ad pr\u00e1ce i kdy\u017e jste zam\u011bstnan\u00ed nebo jste \u017eivnostn\u00edk p\u0159\u00edpadn\u011b na rodi\u010dovsk\u00e9 dovolen\u00e9? Poj\u010fme si vysv\u011btlit jak na to. Na za\u010d\u00e1tku si ujasn\u00edme pojmy: \u00daP &#8211; \u00fa\u0159ad pr\u00e1ce UCHAZE\u010c o zam\u011bstn\u00e1n\u00ed &#8211; osoba, kter\u00e1 je vedena v evidenci pr\u00e1ce jako nezam\u011bstnan\u00e1 s c\u00edlem z\u00edskat pracovn\u00ed m\u00edsto. Z\u00c1JEMCE [&hellip;]<\/p>\n","protected":false},"author":2,"featured_media":0,"comment_status":"closed","ping_status":"open","sticky":false,"template":"","format":"standard","meta":{"_seopress_robots_primary_cat":"","_seopress_titles_title":"","_seopress_titles_desc":"Hrazen\u00e1 rekvalifikace a digit\u00e1ln\u00ed kurzy pro nezam\u011bstnan\u00e9\/zam\u011bstnan\u00e9\/OSV\u010c\/\u017eeny na RD. Jak na to, aby V\u00e1m uhradil kurz\/rekvalifikaci \u00fa\u0159ad pr\u00e1ce?","_seopress_robots_index":"","footnotes":""},"categories":[1],"tags":[],"class_list":["post-372","post","type-post","status-publish","format-standard","hentry","category-prace"],"_links":{"self":[{"href":"https:\/\/uspesnykrok.cz\/en\/wp-json\/wp\/v2\/posts\/372","targetHints":{"allow":["GET"]}}],"collection":[{"href":"https:\/\/uspesnykrok.cz\/en\/wp-json\/wp\/v2\/posts"}],"about":[{"href":"https:\/\/uspesnykrok.cz\/en\/wp-json\/wp\/v2\/types\/post"}],"author":[{"embeddable":true,"href":"https:\/\/uspesnykrok.cz\/en\/wp-json\/wp\/v2\/users\/2"}],"replies":[{"embeddable":true,"href":"https:\/\/uspesnykrok.cz\/en\/wp-json\/wp\/v2\/comments?post=372"}],"version-history":[{"count":2,"href":"https:\/\/uspesnykrok.cz\/en\/wp-json\/wp\/v2\/posts\/372\/revisions"}],"predecessor-version":[{"id":375,"href":"https:\/\/uspesnykrok.cz\/en\/wp-json\/wp\/v2\/posts\/372\/revisions\/375"}],"wp:attachment":[{"href":"https:\/\/uspesnykrok.cz\/en\/wp-json\/wp\/v2\/media?parent=372"}],"wp:term":[{"taxonomy":"category","embeddable":true,"href":"https:\/\/uspesnykrok.cz\/en\/wp-json\/wp\/v2\/categories?post=372"},{"taxonomy":"post_tag","embeddable":true,"href":"https:\/\/uspesnykrok.cz\/en\/wp-json\/wp\/v2\/tags?post=372"}],"curies":[{"name":"wp","href":"https:\/\/api.w.org\/{rel}","templated":true}]}}