{"id":317,"date":"2025-01-04T18:03:47","date_gmt":"2025-01-04T18:03:47","guid":{"rendered":"https:\/\/uspesnykrok.cz\/?p=317"},"modified":"2025-05-29T20:42:31","modified_gmt":"2025-05-29T20:42:31","slug":"zmeny-v-zakoniku-prace-platne-od-1-1-2025","status":"publish","type":"post","link":"https:\/\/uspesnykrok.cz\/en\/prace\/zmeny-v-zakoniku-prace-platne-od-1-1-2025\/","title":{"rendered":"Zm\u011bny v Z\u00e1kon\u00edku pr\u00e1ce platn\u00e9 od 1.1.2025"},"content":{"rendered":"<p class=\"has-black-color has-light-green-cyan-background-color has-text-color has-background has-link-color wp-elements-5a98177b0ee807c6e3eb874ac29bd7dc\">N\u00ed\u017ee p\u0159ehled zm\u011bn v Z\u00e1kon\u00edku pr\u00e1ce, s \u00fa\u010dinnost\u00ed od 1.1.2025.<\/p>\n\n\n\n<ol class=\"wp-block-list\">\n<li class=\"has-black-color has-text-color has-link-color wp-elements-ba5c876e61258e25035723f5b74d9aa0\">V\u00fd\u0161e minim\u00e1ln\u00ed mzdy pro rok 2025 je stanovena na <strong>20.800 K\u010d<\/strong>, hodinov\u00e1 pak <strong>124 K\u010d.<\/strong><\/li>\n\n\n\n<li class=\"has-black-color has-text-color has-link-color wp-elements-129114fb9c5a58a81e656dda41a07e0e\"><strong>Zam\u011bstnanec si s\u00e1m m\u016f\u017ee rozvrhovat pracovn\u00ed dobu<\/strong> &#8211; pokud se tak p\u00edsemn\u011b dohodne se sv\u00fdm zam\u011bstnavatelem &#8211; plat\u00ed jak p\u0159i zam\u011bstnaneck\u00e9m pom\u011bru, tak p\u0159i pr\u00e1ci na DPP nebo DP\u010c.<\/li>\n\n\n\n<li class=\"has-black-color has-text-color has-link-color wp-elements-21de0d401325f84bc34f492fd9083038\">M\u011bn\u00ed se <strong>v\u00fdpo\u010det n\u00e1hrady za ztr\u00e1tu na v\u00fdd\u011blku po skon\u010den\u00ed pracovn\u00ed neschopnosti u&nbsp;zam\u011bstnance, jemu\u017e se stal pracovn\u00ed \u00faraz \u010di onemocn\u011bl nemoc\u00ed z&nbsp;povol\u00e1n\u00ed a je veden na \u00fa\u0159adu pr\u00e1ce v evidenci uchaze\u010d\u016f o zam\u011bstn\u00e1n\u00ed.<\/strong> Za &#8222;po\u00farazov\u00fd v\u00fdd\u011blek&#8220; se nyn\u00ed nov\u011b pova\u017euje v\u00fdd\u011blek ve v\u00fd\u0161i aktu\u00e1ln\u011b platn\u00e9 minim\u00e1ln\u00ed mzdy.<\/li>\n<\/ol>\n\n\n\n<p class=\"has-black-color has-cyan-bluish-gray-background-color has-text-color has-background has-link-color wp-elements-bcdbbf02ca3e19a0f3596d5bead2c203\">Dal\u0161\u00ed zm\u011bny v ZP t\u00fdkaj\u00edc\u00ed se nap\u0159\u00edklad d\u00e9lky zku\u0161ebn\u00ed doby\/v\u00fdpov\u011bdn\u00ed lh\u016fty, pr\u00e1ce 14ti let\u00fdch, apod. by m\u011bly vej\u00edt v platnost od 1.4. Pokud se p\u0159edpokl\u00e1dan\u00e1 \u00fa\u010dinnost potvrd\u00ed, samoz\u0159ejm\u011b to ihned zve\u0159ejn\u00edm.<\/p>\n\n\n\n<p><\/p>","protected":false},"excerpt":{"rendered":"<p>N\u00ed\u017ee p\u0159ehled zm\u011bn v Z\u00e1kon\u00edku pr\u00e1ce, s \u00fa\u010dinnost\u00ed od 1.1.2025. Dal\u0161\u00ed zm\u011bny v ZP t\u00fdkaj\u00edc\u00ed se nap\u0159\u00edklad d\u00e9lky zku\u0161ebn\u00ed doby\/v\u00fdpov\u011bdn\u00ed lh\u016fty, pr\u00e1ce 14ti let\u00fdch, apod. by m\u011bly vej\u00edt v platnost od 1.4. Pokud se p\u0159edpokl\u00e1dan\u00e1 \u00fa\u010dinnost potvrd\u00ed, samoz\u0159ejm\u011b to ihned zve\u0159ejn\u00edm.<\/p>","protected":false},"author":2,"featured_media":0,"comment_status":"closed","ping_status":"open","sticky":false,"template":"","format":"standard","meta":{"_seopress_robots_primary_cat":"","_seopress_titles_title":"","_seopress_titles_desc":"","_seopress_robots_index":"","footnotes":""},"categories":[1],"tags":[],"class_list":["post-317","post","type-post","status-publish","format-standard","hentry","category-prace"],"_links":{"self":[{"href":"https:\/\/uspesnykrok.cz\/en\/wp-json\/wp\/v2\/posts\/317","targetHints":{"allow":["GET"]}}],"collection":[{"href":"https:\/\/uspesnykrok.cz\/en\/wp-json\/wp\/v2\/posts"}],"about":[{"href":"https:\/\/uspesnykrok.cz\/en\/wp-json\/wp\/v2\/types\/post"}],"author":[{"embeddable":true,"href":"https:\/\/uspesnykrok.cz\/en\/wp-json\/wp\/v2\/users\/2"}],"replies":[{"embeddable":true,"href":"https:\/\/uspesnykrok.cz\/en\/wp-json\/wp\/v2\/comments?post=317"}],"version-history":[{"count":3,"href":"https:\/\/uspesnykrok.cz\/en\/wp-json\/wp\/v2\/posts\/317\/revisions"}],"predecessor-version":[{"id":320,"href":"https:\/\/uspesnykrok.cz\/en\/wp-json\/wp\/v2\/posts\/317\/revisions\/320"}],"wp:attachment":[{"href":"https:\/\/uspesnykrok.cz\/en\/wp-json\/wp\/v2\/media?parent=317"}],"wp:term":[{"taxonomy":"category","embeddable":true,"href":"https:\/\/uspesnykrok.cz\/en\/wp-json\/wp\/v2\/categories?post=317"},{"taxonomy":"post_tag","embeddable":true,"href":"https:\/\/uspesnykrok.cz\/en\/wp-json\/wp\/v2\/tags?post=317"}],"curies":[{"name":"wp","href":"https:\/\/api.w.org\/{rel}","templated":true}]}}